{"id":972,"date":"2011-06-04T12:26:05","date_gmt":"2011-06-04T11:26:05","guid":{"rendered":"http:\/\/www.inskriptionen.de\/?p=972"},"modified":"2011-06-04T12:26:05","modified_gmt":"2011-06-04T11:26:05","slug":"held-des-himmels","status":"publish","type":"post","link":"https:\/\/inskriptionen.de\/?p=972","title":{"rendered":"Held des Himmels"},"content":{"rendered":"<p>Inmitten finsterer Weite, w\u00fcst &amp; leer.<br \/>\nDas Licht ist eine Wolke wei\u00dfer Punkte.<br \/>\nEin jeder sticht das Helle in die Schw\u00e4rze.<br \/>\nAm Rande bl\u00fcht es leise vor sich hin.<br \/>\nDas Ganze ist ein Ohr, darin die d\u00fcnne<br \/>\nLuft der R\u00e4ume Dunst in den Synapsen bildet.<br \/>\nDie unsichtbaren Teile ziehen in Schw\u00e4rmen<br \/>\nDurch finstere, w\u00fcste, leere, weite R\u00e4ume.<br \/>\nDas Licht ist eine Wolke warmer D\u00fcnste.<br \/>\nAm Rande bl\u00fcht es leise vor sich hin.<br \/>\nDie Linie zwischen Punkten, fern im Dunkel<br \/>\nF\u00fcllt M\u00f6glichkeiten in die Dimensionen. Schwach<br \/>\nSchimmert es am Rande. Fetzen bl\u00fchen,<br \/>\nEin Blitzgeruch weht nach der Mitte hin.<br \/>\nDer Linien viele von den R\u00e4ndern &#8211; des Himmels<br \/>\nHer verstricken sich im Raum. Es ist ein<br \/>\nGro\u00dfes Ohr nun in der Weite, darin die d\u00fcnne<br \/>\nLuft der R\u00e4ume Dunst in den Synapsen bildet.<br \/>\nEs ist ein Zucken wei\u00dfer Punkte nun.<br \/>\nDer Kosmos sucht sich einen eigenen K\u00f6rper.<\/p>\n","protected":false},"excerpt":{"rendered":"<p>Inmitten finsterer Weite, w\u00fcst &amp; leer. Das Licht ist eine Wolke wei\u00dfer Punkte. Ein jeder sticht das Helle in die Schw\u00e4rze. Am Rande bl\u00fcht es leise vor sich hin. Das Ganze ist ein Ohr, darin die d\u00fcnne Luft der R\u00e4ume Dunst in den Synapsen bildet. Die unsichtbaren Teile ziehen in Schw\u00e4rmen Durch finstere, w\u00fcste, leere,&#8230;<\/p>\n","protected":false},"author":2,"featured_media":0,"comment_status":"open","ping_status":"closed","sticky":false,"template":"","format":"standard","meta":{"advanced_seo_description":"","jetpack_seo_html_title":"","jetpack_seo_noindex":false,"jetpack_post_was_ever_published":false,"_jetpack_newsletter_access":"","_jetpack_dont_email_post_to_subs":false,"_jetpack_newsletter_tier_id":0,"_jetpack_memberships_contains_paywalled_content":false,"_jetpack_memberships_contains_paid_content":false,"footnotes":""},"categories":[4],"tags":[],"class_list":["post-972","post","type-post","status-publish","format-standard","hentry","category-4"],"jetpack_featured_media_url":"","jetpack_sharing_enabled":true,"jetpack-related-posts":[{"id":678,"url":"https:\/\/inskriptionen.de\/?p=678","url_meta":{"origin":972,"position":0},"title":"Ossip Mandelstam, Verse vom unbekannten Soldaten","author":"Zhenja","date":"17. M\u00e4rz 2010","format":false,"excerpt":"The centuries surround me with fire. Osip Mandelstam (1976) - YouTube <1> Mag diese Luft also Zeuge sein, Weithin reichendes Herz, Und in den H\u00fctten, allbekannt, steht der Ozean ohne Fenster - Schmerz. Ach, was sind doch die Sterne mitteilsam! Alles m\u00fcssen sie schauen - wof\u00fcr? - F\u00fcr das Urteil\u2026","rel":"","context":"In &quot;Realit\u00e4tsschatten&quot;","block_context":{"text":"Realit\u00e4tsschatten","link":"https:\/\/inskriptionen.de\/?cat=4"},"img":{"alt_text":"","src":"","width":0,"height":0},"classes":[]},{"id":5326,"url":"https:\/\/inskriptionen.de\/?p=5326","url_meta":{"origin":972,"position":1},"title":"Glashaus","author":"Sigune","date":"6. Juli 2016","format":false,"excerpt":"Sie trug ein Haus aus Glas um ihren K\u00f6rper. Alles, was sie empfand, prallte daran ab, drang nicht nach au\u00dfen. Doch immer wieder stie\u00df es an die harten W\u00e4nde und schmerzte, wenn es im Ausfallswinkel zu ihr zur\u00fcckkam. Eines Morgens h\u00f6rte sie ein leises Klopfen an der T\u00fcr. Der durchdringende\u2026","rel":"","context":"In &quot;Gem\u00fctstiefe&quot;","block_context":{"text":"Gem\u00fctstiefe","link":"https:\/\/inskriptionen.de\/?cat=9"},"img":{"alt_text":"","src":"","width":0,"height":0},"classes":[]},{"id":843,"url":"https:\/\/inskriptionen.de\/?p=843","url_meta":{"origin":972,"position":2},"title":"Astwerk","author":"karolin","date":"20. Januar 2011","format":false,"excerpt":"ich h\u00e4nge die Liebe in die Luft lasse sie baumeln ge\u00e4stet, ger\u00e4dert, zerfurcht. zer furcht sich im wolkenlosen Himmel durch den sich Dunststreifen wie Gitter ziehen ich h\u00e4nge mich in die Luft auch mich in die Luft ich baumle Regenschn\u00fcre schnallen mich in die Fassung in eine Fass mich an\u2026","rel":"","context":"In &quot;Realit\u00e4tsschatten&quot;","block_context":{"text":"Realit\u00e4tsschatten","link":"https:\/\/inskriptionen.de\/?cat=4"},"img":{"alt_text":"","src":"","width":0,"height":0},"classes":[]},{"id":13191,"url":"https:\/\/inskriptionen.de\/?p=13191","url_meta":{"origin":972,"position":3},"title":"Ein Dil\u00e9ttant","author":"crysantheme","date":"18. Oktober 2020","format":false,"excerpt":"Das Metall, k\u00e4lter als Luft. Der Himmel grau, noch wei\u00df fast fahren Bauger\u00fcste in ihn hinein, die Kirche schie\u00dft d\u00fcnnste T\u00fcrme nach oben, ihn zu ber\u00fchren. Sie schafft nicht, die tief- fliegende Wolke zu stechen. Der Himmel bedeckt, was darunter h\u00e4ngt, da rei\u00dft er\u00a0 auf und stellt sich blo\u00df. _\u2026","rel":"","context":"In &quot;Realit\u00e4tsschatten&quot;","block_context":{"text":"Realit\u00e4tsschatten","link":"https:\/\/inskriptionen.de\/?cat=4"},"img":{"alt_text":"","src":"","width":0,"height":0},"classes":[]},{"id":4885,"url":"https:\/\/inskriptionen.de\/?p=4885","url_meta":{"origin":972,"position":4},"title":"Featuring Tsoi : X Quadrat : Stern mit Namen Sonne","author":"J. W. Rosch","date":"23. April 2016","format":false,"excerpt":"Schnee wei\u00df, graues Eis Auf rissigem, geborstenem Grund. Warme Flickendecke liegt auf ihm: Die Wege der Verkehrsknotenstadt. Und \u00fcber ihr schwimmen die Wolken, Decken das Himmelslicht zu. Und \u00fcber ihr h\u00e4ngt gelber Dunst, Zweitausend Jahre ist sie alt, Durchlebt unterm Scheinen des Sterns mit Namen Sonne... Und zweitausend Jahre lang\u2026","rel":"","context":"In &quot;Realit\u00e4tsschatten&quot;","block_context":{"text":"Realit\u00e4tsschatten","link":"https:\/\/inskriptionen.de\/?cat=4"},"img":{"alt_text":"","src":"","width":0,"height":0},"classes":[]},{"id":3865,"url":"https:\/\/inskriptionen.de\/?p=3865","url_meta":{"origin":972,"position":5},"title":"neu jahr","author":"Werner Weimar-Mazur","date":"31. Dezember 2014","format":false,"excerpt":"im versoffenen dunst eines januarmorgens schaukeln fragen nach dem sinn des lebens nach zukunft und den kleinen tierchen die sich in deinem kopf eingenistet haben gute gedichte gehen anders leiser weicher h\u00e4ngen ohren \u00fcber stille landschaften fallen ein mit den augen einer luchsin siehst du klar unter die schneeflockenherde gesellen\u2026","rel":"","context":"In &quot;Gem\u00fctstiefe&quot;","block_context":{"text":"Gem\u00fctstiefe","link":"https:\/\/inskriptionen.de\/?cat=9"},"img":{"alt_text":"","src":"","width":0,"height":0},"classes":[]}],"jetpack_shortlink":"https:\/\/wp.me\/pcYSN4-fG","_links":{"self":[{"href":"https:\/\/inskriptionen.de\/index.php?rest_route=\/wp\/v2\/posts\/972","targetHints":{"allow":["GET"]}}],"collection":[{"href":"https:\/\/inskriptionen.de\/index.php?rest_route=\/wp\/v2\/posts"}],"about":[{"href":"https:\/\/inskriptionen.de\/index.php?rest_route=\/wp\/v2\/types\/post"}],"author":[{"embeddable":true,"href":"https:\/\/inskriptionen.de\/index.php?rest_route=\/wp\/v2\/users\/2"}],"replies":[{"embeddable":true,"href":"https:\/\/inskriptionen.de\/index.php?rest_route=%2Fwp%2Fv2%2Fcomments&post=972"}],"version-history":[{"count":0,"href":"https:\/\/inskriptionen.de\/index.php?rest_route=\/wp\/v2\/posts\/972\/revisions"}],"wp:attachment":[{"href":"https:\/\/inskriptionen.de\/index.php?rest_route=%2Fwp%2Fv2%2Fmedia&parent=972"}],"wp:term":[{"taxonomy":"category","embeddable":true,"href":"https:\/\/inskriptionen.de\/index.php?rest_route=%2Fwp%2Fv2%2Fcategories&post=972"},{"taxonomy":"post_tag","embeddable":true,"href":"https:\/\/inskriptionen.de\/index.php?rest_route=%2Fwp%2Fv2%2Ftags&post=972"}],"curies":[{"name":"wp","href":"https:\/\/api.w.org\/{rel}","templated":true}]}}