{"id":881,"date":"2011-03-06T18:26:27","date_gmt":"2011-03-06T17:26:27","guid":{"rendered":"http:\/\/www.inskriptionen.de\/?p=881"},"modified":"2011-03-10T11:29:07","modified_gmt":"2011-03-10T10:29:07","slug":"bis-spater-2","status":"publish","type":"post","link":"https:\/\/inskriptionen.de\/?p=881","title":{"rendered":"Bis sp\u00e4ter"},"content":{"rendered":"<p>im sommer<\/p>\n<p>hat mir die sonne<\/p>\n<p>die haut get\u00f6nt, die hat<\/p>\n<p>meine seele gew\u00e4rmt<\/p>\n<p>im sommer<\/p>\n<p>hat mir die sonne<\/p>\n<p>die haut get\u00f6nt, die hat<\/p>\n<p>mir die haut<\/p>\n<p>im sommer<\/p>\n<p>verbrannt, die augen<\/p>\n<p>verblitzt, ich glaub<\/p>\n<p>es wird jetzt zeit<\/p>\n<p>im sommer schon<\/p>\n<p>mach ich mich <\/p>\n<p>auf den weg, bevor<\/p>\n<p>ich blind werde<\/p>\n<p>such ich mir <\/p>\n<p>andre freunde<\/p>\n<p>lass den herbst<\/p>\n<p>durch alle zeiten<\/p>\n<p>fallen und im winter<\/p>\n<p>nicht an den fr\u00fchling<\/p>\n<p>denken und im fr\u00fchling<\/p>\n<p>auf den sommer warten<\/p>\n<p>denn im sommer<\/p>\n<p>seh ich sie wieder<\/p>\n<p>die alte haut, eine<\/p>\n<p>neue freundschaft?<\/p>\n","protected":false},"excerpt":{"rendered":"<p>im sommer hat mir die sonne die haut get\u00f6nt, die hat meine seele gew\u00e4rmt im sommer hat mir die sonne die haut get\u00f6nt, die hat mir die haut im sommer verbrannt, die augen verblitzt, ich glaub es wird jetzt zeit im sommer schon mach ich mich auf den weg, bevor ich blind werde such ich&#8230;<\/p>\n","protected":false},"author":47,"featured_media":0,"comment_status":"open","ping_status":"closed","sticky":false,"template":"","format":"standard","meta":{"advanced_seo_description":"","jetpack_seo_html_title":"","jetpack_seo_noindex":false,"jetpack_post_was_ever_published":false,"_jetpack_newsletter_access":"","_jetpack_dont_email_post_to_subs":false,"_jetpack_newsletter_tier_id":0,"_jetpack_memberships_contains_paywalled_content":false,"_jetpack_memberships_contains_paid_content":false,"footnotes":""},"categories":[4],"tags":[],"class_list":["post-881","post","type-post","status-publish","format-standard","hentry","category-4"],"jetpack_featured_media_url":"","jetpack_sharing_enabled":true,"jetpack-related-posts":[{"id":452,"url":"https:\/\/inskriptionen.de\/?p=452","url_meta":{"origin":881,"position":0},"title":"bis sp\u00e4ter","author":"Niko","date":"9. M\u00e4rz 2009","format":false,"excerpt":"im sommer hat mir die sonne die haut get\u00f6nt, die hat meine seele gew\u00e4rmt im sommer hat mir die sonne die haut get\u00f6nt, die hat mir die haut im sommer verbrannt, die augen verblitzt, ich glaub es wird jetzt zeit im sommer schon mach ich mich auf den weg, bevor\u2026","rel":"","context":"In &quot;Realit\u00e4tsschatten&quot;","block_context":{"text":"Realit\u00e4tsschatten","link":"https:\/\/inskriptionen.de\/?cat=4"},"img":{"alt_text":"","src":"","width":0,"height":0},"classes":[]},{"id":3594,"url":"https:\/\/inskriptionen.de\/?p=3594","url_meta":{"origin":881,"position":1},"title":"die Haut der \u00c4pfel","author":"Timo Krstin","date":"23. August 2014","format":false,"excerpt":"die Haut der \u00c4pfel im vergangnen Jahr, im Eis, das aus den Wolken wie von deinen Augen f\u00e4llt: und du erinnerst s\u00fc\u00dflich an den Tod \u2013 ein Schmetterling, der Eier in die Bl\u00fcte legt und dann im Apfel fast am Apfel selbst erstickt. die Fl\u00fcgel schwelgen in der S\u00e4ure einer\u2026","rel":"","context":"In &quot;Realit\u00e4tsschatten&quot;","block_context":{"text":"Realit\u00e4tsschatten","link":"https:\/\/inskriptionen.de\/?cat=4"},"img":{"alt_text":"","src":"","width":0,"height":0},"classes":[]},{"id":8526,"url":"https:\/\/inskriptionen.de\/?p=8526","url_meta":{"origin":881,"position":2},"title":"Augusteische Sentenzen (Flucht und Wiederkehr XIV)","author":"Faron Bebt","date":"3. August 2017","format":false,"excerpt":"Der Sommer, obschon laut Kalender in voller Bl\u00fcte, \u00e4chzte bereits leicht verwelkt daher. Was, dachte sich der Wandel, k\u00f6nnte all den bunten Farben nun schmeicheln, da hoch ihre Zeit noch st\u00fcnde? Die leicht altkluge Stimme eines M\u00e4dchens, vielleicht 9 oder 10 Jahre alt, ert\u00f6nt von der anderen Seite des K\u00fchlregals.\u2026","rel":"","context":"In &quot;Erinnerungsbr\u00f6sel&quot;","block_context":{"text":"Erinnerungsbr\u00f6sel","link":"https:\/\/inskriptionen.de\/?cat=3"},"img":{"alt_text":"","src":"","width":0,"height":0},"classes":[]},{"id":12049,"url":"https:\/\/inskriptionen.de\/?p=12049","url_meta":{"origin":881,"position":3},"title":"\u201e\u2026 verse n\u00e4her an sich heranlassen \u2026\u201c","author":"Werner Weimar-Mazur","date":"7. Februar 2020","format":false,"excerpt":"f\u00fcr Christoph Meckel (* 12. Juni 1935, \u2020 29. Januar 2020)\u00a0 wir halten die wasser an den wind wir halten den schnee an wir unterbrechen die blutspur des pumas in den bergen wir folgen dem formationsflug der kraniche auf der gekr\u00e4uselten wasseroberfl\u00e4che eines fremden meeres wir lauschen dem surren eines\u2026","rel":"","context":"In &quot;Trauersymmetrie&quot;","block_context":{"text":"Trauersymmetrie","link":"https:\/\/inskriptionen.de\/?cat=5"},"img":{"alt_text":"","src":"","width":0,"height":0},"classes":[]},{"id":4087,"url":"https:\/\/inskriptionen.de\/?p=4087","url_meta":{"origin":881,"position":4},"title":"A day in the life (Liebe, Sommer, Diesseits)","author":"Faron Bebt","date":"8. Juni 2015","format":false,"excerpt":"Inmitten einer Wiese liegen zwei K\u00f6rper. Das Gras ist tief und weich und sich darin zu betten gef\u00e4llt beiden offensichtlich sehr. H\u00e4nde und F\u00fc\u00dfe r\u00e4keln sich, ahnen Halme, Blumenkr\u00e4nze, sp\u00fcren Haut. K\u00e4fer, Ameisen und M\u00fccken existieren heute f\u00fcr sie nicht, nicht an diesem Tag, da ihnen diese Wiese die Mitte\u2026","rel":"","context":"In &quot;Realit\u00e4tsschatten&quot;","block_context":{"text":"Realit\u00e4tsschatten","link":"https:\/\/inskriptionen.de\/?cat=4"},"img":{"alt_text":"","src":"","width":0,"height":0},"classes":[]},{"id":10248,"url":"https:\/\/inskriptionen.de\/?p=10248","url_meta":{"origin":881,"position":5},"title":"Anasthasia (Flucht und Wiederkehr XXIV)","author":"Faron Bebt","date":"5. Juni 2018","format":false,"excerpt":"Tief in dich tauchend, gedenkst du wirklich zu sein? Unter all diesen sozialen Per\u00fccken, emotionalen H\u00e4uten, logischen Knochen, moralischen Organen: Was ist der Kern aller idealistischen, progressiven Gedanken, aller tiefenpsychologisch gen\u00e4hrten, abgekl\u00e4rt austherapierten und nie kopierten Sehns\u00fcchte? Welcher Bewu\u00dftseinsschleier verh\u00fcllt deine gehetzte, versetzte, verletzte, mit Narbgewebe umnetzte Seele - selbst\u2026","rel":"","context":"In &quot;Gem\u00fctstiefe&quot;","block_context":{"text":"Gem\u00fctstiefe","link":"https:\/\/inskriptionen.de\/?cat=9"},"img":{"alt_text":"","src":"","width":0,"height":0},"classes":[]}],"jetpack_shortlink":"https:\/\/wp.me\/pcYSN4-ed","_links":{"self":[{"href":"https:\/\/inskriptionen.de\/index.php?rest_route=\/wp\/v2\/posts\/881","targetHints":{"allow":["GET"]}}],"collection":[{"href":"https:\/\/inskriptionen.de\/index.php?rest_route=\/wp\/v2\/posts"}],"about":[{"href":"https:\/\/inskriptionen.de\/index.php?rest_route=\/wp\/v2\/types\/post"}],"author":[{"embeddable":true,"href":"https:\/\/inskriptionen.de\/index.php?rest_route=\/wp\/v2\/users\/47"}],"replies":[{"embeddable":true,"href":"https:\/\/inskriptionen.de\/index.php?rest_route=%2Fwp%2Fv2%2Fcomments&post=881"}],"version-history":[{"count":0,"href":"https:\/\/inskriptionen.de\/index.php?rest_route=\/wp\/v2\/posts\/881\/revisions"}],"wp:attachment":[{"href":"https:\/\/inskriptionen.de\/index.php?rest_route=%2Fwp%2Fv2%2Fmedia&parent=881"}],"wp:term":[{"taxonomy":"category","embeddable":true,"href":"https:\/\/inskriptionen.de\/index.php?rest_route=%2Fwp%2Fv2%2Fcategories&post=881"},{"taxonomy":"post_tag","embeddable":true,"href":"https:\/\/inskriptionen.de\/index.php?rest_route=%2Fwp%2Fv2%2Ftags&post=881"}],"curies":[{"name":"wp","href":"https:\/\/api.w.org\/{rel}","templated":true}]}}