{"id":620,"date":"2009-12-12T23:53:45","date_gmt":"2009-12-12T22:53:45","guid":{"rendered":"http:\/\/www.inskriptionen.de\/?p=620"},"modified":"2009-12-12T23:53:45","modified_gmt":"2009-12-12T22:53:45","slug":"in-jedem-licht-gibt-es","status":"publish","type":"post","link":"https:\/\/inskriptionen.de\/?p=620","title":{"rendered":"IN JEDEM LICHT GIBT ES"},"content":{"rendered":"<p>Einen Kern, so<\/p>\n<p>Schwarz wie die Nacht<\/p>\n<p>Noch vor ihrer Benennung &#8211;<\/p>\n<p>Abwesenheit<\/p>\n<p>Jeder Farbe, so<\/p>\n<p>Grau glimmt die Bedeutung<\/p>\n<p>Des Wortes, Gleichklang<\/p>\n<p>Des Hirns mit dem Ohr &#8211;<\/p>\n<p>Schwingen<\/p>\n<p>&amp; Gebrumm, 50 Hz<\/p>\n<p>Und mehr, oder weniger noch<\/p>\n<p>Ein Fl\u00fcgelgeschrei, so<\/p>\n<p>Schwarz ist die Farbe<\/p>\n<p>Wahrnehmungsgeformter Welt:<\/p>\n<p>Begrenzt sich alles<\/p>\n<p>Mit dem Fl\u00fcgelgebrumm<\/p>\n<p>Seiner Gleichheit,<\/p>\n<p>Krankheit in der<\/p>\n<p>Pl\u00e4tschernden Wellenarchitektur<\/p>\n<p>Von Raum und Zeit,\u00a0 Wieder-<\/p>\n<p>Kehr oder Zukunft,<\/p>\n<p>Nichts au\u00dfer es selbst<\/p>\n<p>In seinen leuchtenden Grenzen.<\/p>\n<p>In jedem Licht aber<\/p>\n<p>Gibt es einen Kern, so<\/p>\n<p>Schwarz wie die Sonne<\/p>\n<p>Noch vor ihrer Benennung &#8211;<\/p>\n<p>Erscheinen<\/p>\n<p>Stummer Namen vor einem<\/p>\n<p>Antlitz mit Augen noch<\/p>\n<p>Die nichts sehen, Ohren<\/p>\n<p>Die nichts h\u00f6ren, Namen<\/p>\n<p>Die nichts meinen au\u00dfer<\/p>\n<p>Dass Du da bist<\/p>\n<p>Und ich hier,<\/p>\n<p>Dennoch<\/p>\n<p>Hier bin<\/p>\n","protected":false},"excerpt":{"rendered":"<p>Einen Kern, so Schwarz wie die Nacht Noch vor ihrer Benennung &#8211; Abwesenheit Jeder Farbe, so Grau glimmt die Bedeutung Des Wortes, Gleichklang Des Hirns mit dem Ohr &#8211; Schwingen &amp; Gebrumm, 50 Hz Und mehr, oder weniger noch Ein Fl\u00fcgelgeschrei, so Schwarz ist die Farbe Wahrnehmungsgeformter Welt: Begrenzt sich alles Mit dem Fl\u00fcgelgebrumm Seiner&#8230;<\/p>\n","protected":false},"author":2,"featured_media":0,"comment_status":"open","ping_status":"closed","sticky":false,"template":"","format":"standard","meta":{"advanced_seo_description":"","jetpack_seo_html_title":"","jetpack_seo_noindex":false,"jetpack_post_was_ever_published":false,"_jetpack_newsletter_access":"","_jetpack_dont_email_post_to_subs":false,"_jetpack_newsletter_tier_id":0,"_jetpack_memberships_contains_paywalled_content":false,"_jetpack_memberships_contains_paid_content":false,"footnotes":""},"categories":[4],"tags":[],"class_list":["post-620","post","type-post","status-publish","format-standard","hentry","category-4"],"jetpack_featured_media_url":"","jetpack_sharing_enabled":true,"jetpack-related-posts":[{"id":6420,"url":"https:\/\/inskriptionen.de\/?p=6420","url_meta":{"origin":620,"position":0},"title":"Ein schwarzer Regenbogen quer durch den Himmel","author":"chlebnikov","date":"3. November 2016","format":false,"excerpt":"Die Rede vom * wandelt sich. Im Grunde genommen fordert sie immer wieder neue Benennung. Denn unbenannt bleibt der wirkende Anfang von Himmel und Erde, Selbstbenennung erst bringt Natur hervor als Natur der zahllosen Dinge. Deshalb erkennt, wer nichts benennt, in der Anschauung feinste Feinheiten. Wer dagegen alles benennt, pr\u00e4gt\u2026","rel":"","context":"In &quot;Wortmysterien&quot;","block_context":{"text":"Wortmysterien","link":"https:\/\/inskriptionen.de\/?cat=6"},"img":{"alt_text":"","src":"","width":0,"height":0},"classes":[]},{"id":823,"url":"https:\/\/inskriptionen.de\/?p=823","url_meta":{"origin":620,"position":1},"title":"Tschao. 13 Panzer","author":"chlebnikov","date":"19. Dezember 2010","format":false,"excerpt":"Tschao pl\u00e4tscherte durchs Geh\u00f6r mit den Schalen allerfeinsten Klanges, unfehlbar herausgeflogen aus dem Seidenkehlchen der Grasm\u00fccke, ausgezwitschert von ihr, diesem Augentempel des wolkig-steinernen Bergriesen einer schwarzen Sonne, wovon auch die Sonne selbst heller wurde als das silbergraue Gefieder des kohle\u00e4ugigen V\u00f6gelchens. Tschao pl\u00e4tscherte umher als Falter- und Schmetterlingsvolk - kluge\u2026","rel":"","context":"In &quot;Realit\u00e4tsschatten&quot;","block_context":{"text":"Realit\u00e4tsschatten","link":"https:\/\/inskriptionen.de\/?cat=4"},"img":{"alt_text":"","src":"","width":0,"height":0},"classes":[]},{"id":140,"url":"https:\/\/inskriptionen.de\/?p=140","url_meta":{"origin":620,"position":2},"title":"Nautilus","author":"Patrick Beck","date":"27. Februar 2008","format":false,"excerpt":"Seit vielen Jahren kreuzt die Nautilus in den Meeren. Sie ist gewunden wie eine Spirale, fr\u00fcher \u00e4hnelte sie einer spitzen Zigarre. Kein Hafen steht unter ihrem Namen, ihr Heimathafen sind die Ozeane. Wenn sie einen Hafen anl\u00e4uft und wir auf Gro\u00dfe Liege gehen, so lasse ich die Luken f\u00fcr Neugierige\u2026","rel":"","context":"In &quot;Trauersymmetrie&quot;","block_context":{"text":"Trauersymmetrie","link":"https:\/\/inskriptionen.de\/?cat=5"},"img":{"alt_text":"","src":"","width":0,"height":0},"classes":[]},{"id":9893,"url":"https:\/\/inskriptionen.de\/?p=9893","url_meta":{"origin":620,"position":3},"title":"augenblicke","author":"Werner Weimar-Mazur","date":"14. Februar 2018","format":false,"excerpt":"seine augen f\u00fcllten sich mit h\u00e4usern, stra\u00dfen zwischen den h\u00e4usern, fahrenden autos, gehwegen und menschen, ladengesch\u00e4ften mit kleidern, koffern, schmuck und brillen in den auslagen. und auf einmal tat ihm der kopf weh. der schmerz wanderte vom hinteren ende des auges in die stirn, ins innere der ohren, und zog\u2026","rel":"","context":"In &quot;Erinnerungsbr\u00f6sel&quot;","block_context":{"text":"Erinnerungsbr\u00f6sel","link":"https:\/\/inskriptionen.de\/?cat=3"},"img":{"alt_text":"","src":"","width":0,"height":0},"classes":[]},{"id":972,"url":"https:\/\/inskriptionen.de\/?p=972","url_meta":{"origin":620,"position":4},"title":"Held des Himmels","author":"Zhenja","date":"4. Juni 2011","format":false,"excerpt":"Inmitten finsterer Weite, w\u00fcst & leer. Das Licht ist eine Wolke wei\u00dfer Punkte. Ein jeder sticht das Helle in die Schw\u00e4rze. Am Rande bl\u00fcht es leise vor sich hin. Das Ganze ist ein Ohr, darin die d\u00fcnne Luft der R\u00e4ume Dunst in den Synapsen bildet. Die unsichtbaren Teile ziehen in\u2026","rel":"","context":"In &quot;Realit\u00e4tsschatten&quot;","block_context":{"text":"Realit\u00e4tsschatten","link":"https:\/\/inskriptionen.de\/?cat=4"},"img":{"alt_text":"","src":"","width":0,"height":0},"classes":[]},{"id":134,"url":"https:\/\/inskriptionen.de\/?p=134","url_meta":{"origin":620,"position":5},"title":"Langsames Erwachen","author":"Kraba vel Jop","date":"17. Februar 2008","format":false,"excerpt":"Kein Erwachen, nur das Aufschlagen der Augen. Kein Augen\u00f6ffnen, nur die Feststellung des Daseienden. Keine Feststellungen, nur Beschreibung des Augenblicks mit Tautropfen im Nebel. Keine Beschreibung, nur Benennung von etwas, das als Ganzes nicht zu sehen ist. Ja noch nicht einmal Benennung: als ob Worten ein gemeinsamer Nenner eigen w\u00e4re,\u2026","rel":"","context":"In &quot;Realit\u00e4tsschatten&quot;","block_context":{"text":"Realit\u00e4tsschatten","link":"https:\/\/inskriptionen.de\/?cat=4"},"img":{"alt_text":"","src":"","width":0,"height":0},"classes":[]}],"jetpack_shortlink":"https:\/\/wp.me\/pcYSN4-a0","_links":{"self":[{"href":"https:\/\/inskriptionen.de\/index.php?rest_route=\/wp\/v2\/posts\/620","targetHints":{"allow":["GET"]}}],"collection":[{"href":"https:\/\/inskriptionen.de\/index.php?rest_route=\/wp\/v2\/posts"}],"about":[{"href":"https:\/\/inskriptionen.de\/index.php?rest_route=\/wp\/v2\/types\/post"}],"author":[{"embeddable":true,"href":"https:\/\/inskriptionen.de\/index.php?rest_route=\/wp\/v2\/users\/2"}],"replies":[{"embeddable":true,"href":"https:\/\/inskriptionen.de\/index.php?rest_route=%2Fwp%2Fv2%2Fcomments&post=620"}],"version-history":[{"count":0,"href":"https:\/\/inskriptionen.de\/index.php?rest_route=\/wp\/v2\/posts\/620\/revisions"}],"wp:attachment":[{"href":"https:\/\/inskriptionen.de\/index.php?rest_route=%2Fwp%2Fv2%2Fmedia&parent=620"}],"wp:term":[{"taxonomy":"category","embeddable":true,"href":"https:\/\/inskriptionen.de\/index.php?rest_route=%2Fwp%2Fv2%2Fcategories&post=620"},{"taxonomy":"post_tag","embeddable":true,"href":"https:\/\/inskriptionen.de\/index.php?rest_route=%2Fwp%2Fv2%2Ftags&post=620"}],"curies":[{"name":"wp","href":"https:\/\/api.w.org\/{rel}","templated":true}]}}