{"id":6178,"date":"2016-10-19T19:41:44","date_gmt":"2016-10-19T18:41:44","guid":{"rendered":"http:\/\/www.inskriptionen.de\/?p=6178"},"modified":"2016-10-19T19:41:44","modified_gmt":"2016-10-19T18:41:44","slug":"einsilbig","status":"publish","type":"post","link":"https:\/\/inskriptionen.de\/?p=6178","title":{"rendered":"einsilbig"},"content":{"rendered":"<div>heute ist nicht der tag<br \/>\nf\u00fcr treibjagd trage ich<br \/>\nwortfell um den hals<br \/>\n<strong>einsilbig<\/strong> klingt der<br \/>\nwald<\/div>\n","protected":false},"excerpt":{"rendered":"<p>heute ist nicht der tag f\u00fcr treibjagd trage ich wortfell um den hals einsilbig klingt der wald<\/p>\n","protected":false},"author":92,"featured_media":0,"comment_status":"open","ping_status":"closed","sticky":false,"template":"","format":"standard","meta":{"advanced_seo_description":"","jetpack_seo_html_title":"","jetpack_seo_noindex":false,"jetpack_post_was_ever_published":false,"_jetpack_newsletter_access":"","_jetpack_dont_email_post_to_subs":false,"_jetpack_newsletter_tier_id":0,"_jetpack_memberships_contains_paywalled_content":false,"_jetpack_memberships_contains_paid_content":false,"footnotes":""},"categories":[5],"tags":[],"class_list":["post-6178","post","type-post","status-publish","format-standard","hentry","category-5"],"jetpack_featured_media_url":"","jetpack_sharing_enabled":true,"jetpack-related-posts":[{"id":1531,"url":"https:\/\/inskriptionen.de\/?p=1531","url_meta":{"origin":6178,"position":0},"title":"Ein Exxistiern.","author":"van hengel","date":"2. Mai 2012","format":false,"excerpt":"Vielleicht exxistiert auf der Welt ein Geschmackssignifikat, der leider nicht auf der Suche nach dir ist. Wenn ich dich umarme, bin ich angewiesen\/abh\u00e4ngig von der Einsilbigkeit meiner Finger. Mehr soll wohl nicht sein. Fr\u00fcher hatte ich das Unm\u00f6gliche an mir anders verstanden. Ein langer Verschlingensstraum. Aus deinem Leben hast du\u2026","rel":"","context":"In &quot;Realit\u00e4tsschatten&quot;","block_context":{"text":"Realit\u00e4tsschatten","link":"https:\/\/inskriptionen.de\/?cat=4"},"img":{"alt_text":"","src":"","width":0,"height":0},"classes":[]},{"id":12045,"url":"https:\/\/inskriptionen.de\/?p=12045","url_meta":{"origin":6178,"position":1},"title":"g\u00f6ttlichkeit | das g\u00f6ttliche","author":"Werner Weimar-Mazur","date":"7. Februar 2020","format":false,"excerpt":"f\u00fcr C. M. tragen wir einen vers ins haus legen wir ihn neben die post die briefe aus einem anderen lebenschuppt der himmel sein blau ab die kindheit ihre letzten unbeschwerten tr\u00e4nen sind des himmels treiben gratwanderungen der kindheit verseaufschauend ins wolkenleere gie\u00dft sich ein tag \u00fcber den anderen eine\u2026","rel":"","context":"In &quot;Trauersymmetrie&quot;","block_context":{"text":"Trauersymmetrie","link":"https:\/\/inskriptionen.de\/?cat=5"},"img":{"alt_text":"","src":"","width":0,"height":0},"classes":[]},{"id":1928,"url":"https:\/\/inskriptionen.de\/?p=1928","url_meta":{"origin":6178,"position":2},"title":"Bembelherz","author":"Grete","date":"18. Dezember 2012","format":false,"excerpt":"Fast jeder Schneider\/ Will jetzt und leider\/ der Sprach erfahren sein\/ und redt Latein\/ Welsch und Franz\u00f6sisch\/ Halb Japonesisch\/ Wenn er ist toll und voll\/ Der grobe Knoll. \/ Der Knecht Matthies\/ spricht bona dies \u2026 Aus dem Jahr 1617 als Gegenschrift zur Mode \u00e0 la Versailles Hannes schreibt: In\u2026","rel":"","context":"In &quot;Trauersymmetrie&quot;","block_context":{"text":"Trauersymmetrie","link":"https:\/\/inskriptionen.de\/?cat=5"},"img":{"alt_text":"","src":"","width":0,"height":0},"classes":[]},{"id":4131,"url":"https:\/\/inskriptionen.de\/?p=4131","url_meta":{"origin":6178,"position":3},"title":"AUGUST","author":"Werner Weimar-Mazur","date":"26. Juni 2015","format":false,"excerpt":"grasnacht schneidet den himmel das gr\u00f6\u00dfere st\u00fcck geh\u00f6rt dir im ge\u00e4st vogelmenschen im gefieder stimmen die sprache hat die amsel verlassen singen jetzt im garten d\u00e4monen jeden tag lege ich futter aus und fallen die vogelmenschen beobachten mich um das haus schleichen leoparden late nite am abend das update vom\u2026","rel":"","context":"In &quot;Trauersymmetrie&quot;","block_context":{"text":"Trauersymmetrie","link":"https:\/\/inskriptionen.de\/?cat=5"},"img":{"alt_text":"","src":"","width":0,"height":0},"classes":[]},{"id":17201,"url":"https:\/\/inskriptionen.de\/?p=17201","url_meta":{"origin":6178,"position":4},"title":"Archipel der Anarchie IV","author":"K4rlml0n","date":"9. September 2025","format":false,"excerpt":"Der Wald Oder, wenn Tiere Horrorromane schreiben w\u00fcrden \u201eAls die Tiere sich erhoben und anfingen sich ihrer Herren schmerzlich zu entledigen, da sprachen sie mit einer Stimme und erfuhren, was echte Hingabe bedeutete\u201c, sagte B., als er den Lebensbaum erklomm, um nicht im Schein der fahlen Fl\u00fcgelsonne zu vergehen. Ein\u2026","rel":"","context":"In &quot;(2) Panphobie&quot;","block_context":{"text":"(2) Panphobie","link":"https:\/\/inskriptionen.de\/?cat=59"},"img":{"alt_text":"","src":"","width":0,"height":0},"classes":[]},{"id":2858,"url":"https:\/\/inskriptionen.de\/?p=2858","url_meta":{"origin":6178,"position":5},"title":"Splitterfest","author":"Faron Bebt","date":"31. M\u00e4rz 2014","format":false,"excerpt":"Fahl steht die Sonne hinterm Dunst noch unbefleckter Tage. Fahl auch die Gesichter der Jungen; alte, knochend\u00fcrre M\u00e4nner fluten mit den Stummelwald. T\u00fcrmen werden nur\u00a0 Wolken heut sich und Leiber. Die Schmalen schultern zwei starre F\u00e4uste, als Hostie ein St\u00fcck Panzerschokolade im Schlund. Erbrochenes Strafgericht: grinsend, taumelnd, schief - letzte\u2026","rel":"","context":"In &quot;Trauersymmetrie&quot;","block_context":{"text":"Trauersymmetrie","link":"https:\/\/inskriptionen.de\/?cat=5"},"img":{"alt_text":"","src":"","width":0,"height":0},"classes":[]}],"jetpack_shortlink":"https:\/\/wp.me\/pcYSN4-1BE","_links":{"self":[{"href":"https:\/\/inskriptionen.de\/index.php?rest_route=\/wp\/v2\/posts\/6178","targetHints":{"allow":["GET"]}}],"collection":[{"href":"https:\/\/inskriptionen.de\/index.php?rest_route=\/wp\/v2\/posts"}],"about":[{"href":"https:\/\/inskriptionen.de\/index.php?rest_route=\/wp\/v2\/types\/post"}],"author":[{"embeddable":true,"href":"https:\/\/inskriptionen.de\/index.php?rest_route=\/wp\/v2\/users\/92"}],"replies":[{"embeddable":true,"href":"https:\/\/inskriptionen.de\/index.php?rest_route=%2Fwp%2Fv2%2Fcomments&post=6178"}],"version-history":[{"count":1,"href":"https:\/\/inskriptionen.de\/index.php?rest_route=\/wp\/v2\/posts\/6178\/revisions"}],"predecessor-version":[{"id":6179,"href":"https:\/\/inskriptionen.de\/index.php?rest_route=\/wp\/v2\/posts\/6178\/revisions\/6179"}],"wp:attachment":[{"href":"https:\/\/inskriptionen.de\/index.php?rest_route=%2Fwp%2Fv2%2Fmedia&parent=6178"}],"wp:term":[{"taxonomy":"category","embeddable":true,"href":"https:\/\/inskriptionen.de\/index.php?rest_route=%2Fwp%2Fv2%2Fcategories&post=6178"},{"taxonomy":"post_tag","embeddable":true,"href":"https:\/\/inskriptionen.de\/index.php?rest_route=%2Fwp%2Fv2%2Ftags&post=6178"}],"curies":[{"name":"wp","href":"https:\/\/api.w.org\/{rel}","templated":true}]}}