{"id":6,"date":"2007-04-13T17:20:41","date_gmt":"2007-04-13T15:20:41","guid":{"rendered":"http:\/\/www.erata.de\/inskriptionen\/?p=6"},"modified":"2009-01-30T19:03:59","modified_gmt":"2009-01-30T17:03:59","slug":"neue-literatur-abseits-vom-mainstream","status":"publish","type":"post","link":"https:\/\/inskriptionen.de\/?p=6","title":{"rendered":"Neue Literatur abseits vom Mainstream"},"content":{"rendered":"<p>Neue Literatur, zu entdecken was sich au\u00dferhalb der ausgetretenen Wege tummelt, wo eine innere Bewegung im Text sichtbar wird, der Widerstand gegen \u00e4u\u00dferen Zwang und die \u00d6konomisierung des Alltags aufflackert &#8211; dies ist das Thema dieses Blogs. Nichts trefferendes als in diesem Zusammenhang den Roman &#8222;Rafael&#8220; von Manuel Alegre zu erw\u00e4hnen, der vor ein paar Tagen in Frankfurt und Leipzig vorgestellt wurde. &#8222;Raphael&#8220; ist der unbekannte Matrose, der Thomas Moore von jener sagenumwobenen, gerechten Insel erz\u00e4hlt hat, die sp\u00e4ter den Namen &#8222;Utopia&#8220; erhielt. In gleicher Weise sieht sich Alegre als ein Rafael der Gegenwart: er statt wahlk\u00e4mpferischer Parolen bestreitet er Politik mit Gedichtrezitationen &#8211; es mag unglaublich klingen, aber es hat sich zugetragen in einem europ\u00e4ischen Land, im Jahr 2006, in Portugal. Dieses Buch kann ich nur jedem ans Herz legen, f\u00fcr den Poesie und Politik keinen Gegensatz bilden.<\/p>\n","protected":false},"excerpt":{"rendered":"<p>Neue Literatur, zu entdecken was sich au\u00dferhalb der ausgetretenen Wege tummelt, wo eine innere Bewegung im Text sichtbar wird, der Widerstand gegen \u00e4u\u00dferen Zwang und die \u00d6konomisierung des Alltags aufflackert &#8211; dies ist das Thema dieses Blogs. Nichts trefferendes als in diesem Zusammenhang den Roman &#8222;Rafael&#8220; von Manuel Alegre zu erw\u00e4hnen, der vor ein paar&#8230;<\/p>\n","protected":false},"author":1,"featured_media":0,"comment_status":"open","ping_status":"closed","sticky":false,"template":"","format":"standard","meta":{"advanced_seo_description":"","jetpack_seo_html_title":"","jetpack_seo_noindex":false,"jetpack_seo_schema_type":"","_jetpack_newsletter_access":"","_jetpack_dont_email_post_to_subs":false,"_jetpack_newsletter_tier_id":0,"_jetpack_memberships_contains_paywalled_content":false,"_jetpack_feature_clip_id":0,"_jetpack_memberships_contains_paid_content":false,"footnotes":"","jetpack_post_was_ever_published":false},"categories":[4],"tags":[],"class_list":["post-6","post","type-post","status-publish","format-standard","hentry","category-4"],"jetpack_sharing_enabled":true,"jetpack-related-posts":[{"id":8718,"url":"https:\/\/inskriptionen.de\/?p=8718","url_meta":{"origin":6,"position":0},"title":"F\u00fcrst Jesus, der Idiot. Pl\u00e4doyer","author":"chlebnikov","date":"23. August 2017","format":false,"excerpt":"Wir alle leben in einer Maschine. Betreiben eine Maschine. Schreiben, klicken. Wir alle sind eine Schreibmaschine. So seit 10 Jahren real. Ob das Literatur sei? Na ja, in der Literatur ist alles erlaubt. Wenn es gut ist. Vom Mord bis zum Ehebruch, Beleidigung, Selbsterh\u00f6hung und Fall, selbst Himmelfahrt und Gang\u2026","rel":"","context":"In &quot;Realit\u00e4tsschatten&quot;","block_context":{"text":"Realit\u00e4tsschatten","link":"https:\/\/inskriptionen.de\/?cat=4"},"img":{"alt_text":"","src":"","width":0,"height":0},"classes":[]},{"id":1986,"url":"https:\/\/inskriptionen.de\/?p=1986","url_meta":{"origin":6,"position":1},"title":"Hemmungslos nicht heucheln","author":"Bernd Heimberger","date":"14. Januar 2013","format":false,"excerpt":"Ach, wie lang, lang ist\u00b4s her, seit Heiner M\u00fcller gegangen ist? Gestern war\u00b4s! Vor bald zwei Jahrzehnten. M\u00fcller war der erste aus der Riege des starken Jahrgangs (1929) der deutschen Literatur. Peter R\u00fchmkorf ging 2008, Christa Wolf 2011. Was bleibt? Mit uns sind Kunert und Enzensberger. M\u00fcller, Kempowski, Wolf und\u2026","rel":"","context":"In &quot;Besprechungen&quot;","block_context":{"text":"Besprechungen","link":"https:\/\/inskriptionen.de\/?cat=88"},"img":{"alt_text":"","src":"","width":0,"height":0},"classes":[]},{"id":1327,"url":"https:\/\/inskriptionen.de\/?p=1327","url_meta":{"origin":6,"position":2},"title":"die monstranz der tortentanten","author":"eisenhans","date":"19. Februar 2012","format":false,"excerpt":"(1 cleines caffee & cuchen couplet) in ermangelung von worten (begeisterungsschweigen?) protzen wir mit torten (aber bitte mit franz\u00f6sisch creme) und zwar aller sorten (denn : das k\u00f6nnen wir!) testergebnis : literatur ist es nicht neu ist es nicht aber dieser unersch\u00fctterliche fr\u00fcchtestolz 1 gedicht (allerdings: voll mainstream) (helau! mit\u2026","rel":"","context":"In &quot;Gem\u00fctstiefe&quot;","block_context":{"text":"Gem\u00fctstiefe","link":"https:\/\/inskriptionen.de\/?cat=9"},"img":{"alt_text":"","src":"","width":0,"height":0},"classes":[]},{"id":3098,"url":"https:\/\/inskriptionen.de\/?p=3098","url_meta":{"origin":6,"position":3},"title":"Verwanderschaft","author":"Faron Bebt","date":"25. April 2014","format":false,"excerpt":"Eine Kurzgeschichte wird oft nicht zum Roman, wenn ihr Autor nach einer gewissen Zeit - entweder aus Langeweile vor dem Thema oder aus Langeweile vor sich selbst, aus ideologischer Tr\u00e4gheit oder intellektueller Unlust heraus - die Handlung verdichtet. Der Autor forciert dann eine mehr oder weniger subtile Pointe, sei es\u2026","rel":"","context":"In &quot;Erinnerungsbr\u00f6sel&quot;","block_context":{"text":"Erinnerungsbr\u00f6sel","link":"https:\/\/inskriptionen.de\/?cat=3"},"img":{"alt_text":"","src":"","width":0,"height":0},"classes":[]},{"id":5351,"url":"https:\/\/inskriptionen.de\/?p=5351","url_meta":{"origin":6,"position":4},"title":"Flucht und Wiederkehr III","author":"Faron Bebt","date":"12. Juli 2016","format":false,"excerpt":"Eine Milbe schaut die Sonne, ein Blatt reitet Sturm - wenn hoch das Lauschen aufsetzt, rauscht leis ein Unterton und tief in Traumtambourengeistern, gro\u00df wie klein, hallt lachend, voller Mond, Unendlichkeit herein. \u00a0 \"Und? Was halten sie davon? Ist es nicht interessant?\" \"Hm.\" Frau Altermann-Zupf schaute den Doktoranden mit ernster\u2026","rel":"","context":"In &quot;(3) Rezensionen&quot;","block_context":{"text":"(3) Rezensionen","link":"https:\/\/inskriptionen.de\/?cat=21"},"img":{"alt_text":"","src":"","width":0,"height":0},"classes":[]},{"id":37,"url":"https:\/\/inskriptionen.de\/?p=37","url_meta":{"origin":6,"position":5},"title":"Chlebnikow","author":"Juri Tynjanow","date":"28. Juli 2007","format":false,"excerpt":"Als Chlebnikow starb, bezeichnete ein \u00fcberaus vorsichtiger Kritiker sein ganzes Werk als \"unsinnige Versuche, die Sprache und den Vers zu erneuern\", und erkl\u00e4rte im Namen \"nicht nur der literarischen Konservativen\" sein \"unpoetische Poesie\" f\u00fcr nutzlos. Alles h\u00e4ngt nat\u00fcrlich davon ab, was der Kritiker unter dem Wort Literatur verstand. Wenn man\u2026","rel":"","context":"In &quot;Erinnerungsbr\u00f6sel&quot;","block_context":{"text":"Erinnerungsbr\u00f6sel","link":"https:\/\/inskriptionen.de\/?cat=3"},"img":{"alt_text":"","src":"","width":0,"height":0},"classes":[]}],"jetpack_shortlink":"https:\/\/wp.me\/pcYSN4-6","jetpack_featured_media_url":"","_links":{"self":[{"href":"https:\/\/inskriptionen.de\/index.php?rest_route=\/wp\/v2\/posts\/6","targetHints":{"allow":["GET"]}}],"collection":[{"href":"https:\/\/inskriptionen.de\/index.php?rest_route=\/wp\/v2\/posts"}],"about":[{"href":"https:\/\/inskriptionen.de\/index.php?rest_route=\/wp\/v2\/types\/post"}],"author":[{"embeddable":true,"href":"https:\/\/inskriptionen.de\/index.php?rest_route=\/wp\/v2\/users\/1"}],"replies":[{"embeddable":true,"href":"https:\/\/inskriptionen.de\/index.php?rest_route=%2Fwp%2Fv2%2Fcomments&post=6"}],"version-history":[{"count":0,"href":"https:\/\/inskriptionen.de\/index.php?rest_route=\/wp\/v2\/posts\/6\/revisions"}],"wp:attachment":[{"href":"https:\/\/inskriptionen.de\/index.php?rest_route=%2Fwp%2Fv2%2Fmedia&parent=6"}],"wp:term":[{"taxonomy":"category","embeddable":true,"href":"https:\/\/inskriptionen.de\/index.php?rest_route=%2Fwp%2Fv2%2Fcategories&post=6"},{"taxonomy":"post_tag","embeddable":true,"href":"https:\/\/inskriptionen.de\/index.php?rest_route=%2Fwp%2Fv2%2Ftags&post=6"}],"curies":[{"name":"wp","href":"https:\/\/api.w.org\/{rel}","templated":true}]}}