{"id":4883,"date":"2016-04-21T07:35:57","date_gmt":"2016-04-21T06:35:57","guid":{"rendered":"http:\/\/www.inskriptionen.de\/?p=4883"},"modified":"2016-04-21T07:35:57","modified_gmt":"2016-04-21T06:35:57","slug":"gedichte-a-priori","status":"publish","type":"post","link":"https:\/\/inskriptionen.de\/?p=4883","title":{"rendered":"Gedichte a priori"},"content":{"rendered":"<p>Wozu Gedichte? Die alte Frage<br \/>\nstreicht den Kern der<br \/>\nDinge einfach<br \/>\ndurch.<\/p>\n<p>Durchstreift die Gegend<br \/>\nzwischen allen<br \/>\nmenschlichen<br \/>\nAngelegenheiten, ein Kater<br \/>\nmit Kopf Herz<br \/>\n&amp; Schnauze.<\/p>\n<p>Die Frage aus dem Kater<br \/>\nt\u00f6nt hell, klar<br \/>\nstrahlt das Licht<br \/>\ndurch den Himmel.<\/p>\n<p>Prolegomena eines elementaren<br \/>\nStrahlens, X<br \/>\nQuadrat der Rest<br \/>\nbegegnet sich als Punkt<br \/>\nan der Grenze.<\/p>\n<p>Ein Schlauchboot beladen<br \/>\nmit Resten, X<br \/>\npotenziert in der<br \/>\nAnsammlung Welle um Welle.<\/p>\n<p>Die neunte tr\u00e4gt das Schicksal<br \/>\nunterm Scheitel:<br \/>\nVorherbestimmt<br \/>\ndie Wirkung der Elemente,<br \/>\nVorherbestimmt alles<br \/>\nwas geschehen wird nach<br \/>\ndem Gesetz &#8211;<\/p>\n<p>wessen Gesetz? welche Begr\u00fcndung<br \/>\ndung f\u00fcr das Denken,<br \/>\nwessen Denken, Punkt<br \/>\nmitten im Satz.<\/p>\n<p>Mitten in der Sprache ein<br \/>\nOrt, keine Mitte &#8211;<br \/>\nknapp<br \/>\ndaneben blinkt<br \/>\ndas erste Satzzeichen auf:<\/p>\n<p>Stern &amp; namenloses Streben<br \/>\nnach Er\u00f6ffnung eines<br \/>\nRaums, abgetrennt<br \/>\nvon allen menschlichen An<br \/>\ngelegenheiten&#8230;<\/p>\n<p>Die Zeichen erscheinen in der Sprache<br \/>\nals Pilze des Universums.<br \/>\nDie Wesen erscheinen in der Welt<br \/>\nvor der Grenze allen Fragens<br \/>\n&amp; Denkens.<\/p>\n<p>Blinken<br \/>\nauf &amp; verschwinden,<br \/>\nwer<br \/>\nkennt schon alle seine<br \/>\nAtome, X<br \/>\npotenziert in den gebrochenen<br \/>\nDimensionen<\/p>\n<p>der Zeit<br \/>\ndes Raums<br \/>\nder Bewegung<br \/>\nvor aller Bewegung.<\/p>\n<p>Und wieder verstrich eine Gelegenheit<br \/>\nmenschlich zu sein,<br \/>\nwieder schob sich ein St\u00fcck<br \/>\nSprache vor das Denken,<br \/>\nwieder schlug das Herz<br \/>\ndreimal ohne Pause<br \/>\nOpfer<br \/>\nwessen? nach dem Gesetz<br \/>\nvon Ursache und Wirkung<\/p>\n","protected":false},"excerpt":{"rendered":"<p>Wozu Gedichte? Die alte Frage streicht den Kern der Dinge einfach durch. Durchstreift die Gegend zwischen allen menschlichen Angelegenheiten, ein Kater mit Kopf Herz &amp; Schnauze. Die Frage aus dem Kater t\u00f6nt hell, klar strahlt das Licht durch den Himmel. Prolegomena eines elementaren Strahlens, X Quadrat der Rest begegnet sich als Punkt an der Grenze&#8230;.<\/p>\n","protected":false},"author":6,"featured_media":0,"comment_status":"open","ping_status":"closed","sticky":false,"template":"","format":"standard","meta":{"advanced_seo_description":"","jetpack_seo_html_title":"","jetpack_seo_noindex":false,"jetpack_post_was_ever_published":false,"_jetpack_newsletter_access":"","_jetpack_dont_email_post_to_subs":false,"_jetpack_newsletter_tier_id":0,"_jetpack_memberships_contains_paywalled_content":false,"_jetpack_memberships_contains_paid_content":false,"footnotes":""},"categories":[6],"tags":[],"class_list":["post-4883","post","type-post","status-publish","format-standard","hentry","category-6"],"jetpack_featured_media_url":"","jetpack_sharing_enabled":true,"jetpack-related-posts":[{"id":7478,"url":"https:\/\/inskriptionen.de\/?p=7478","url_meta":{"origin":4883,"position":0},"title":"Pl\u00f6tzlich","author":"Zhenja","date":"4. Februar 2017","format":false,"excerpt":"ist es wieder 4. Januar, Zeit f\u00fcr ein Gedicht - am Bosporus werden Bomben gez\u00fcndet - warum? In Bagdad sprengt sich ein Mann selbst in die Luft... F\u00fcr den Weg nach Bagdad brauchte man einmal zwei Wochen, mit dem Flugzeug geht es schneller. Raketen bringen Satelliten ins All, wessen All?\u2026","rel":"","context":"In &quot;Realit\u00e4tsschatten&quot;","block_context":{"text":"Realit\u00e4tsschatten","link":"https:\/\/inskriptionen.de\/?cat=4"},"img":{"alt_text":"","src":"","width":0,"height":0},"classes":[]},{"id":15184,"url":"https:\/\/inskriptionen.de\/?p=15184","url_meta":{"origin":4883,"position":1},"title":"In der Steilwand","author":"Helmbrecht Breinig","date":"22. M\u00e4rz 2022","format":false,"excerpt":"Der Titel des neuen Gedichtbandes von Michael Fruth, ENG. WEIT. HIER. NOCH, k\u00f6nnte die deutsche Lyriklandschaft charakterisieren, in die er ein markantes Wegzeichen einrammt. Der Autor ist bescheidener, nennt das Buch eine \u201epoetische Autobiografie\u201c, und doch ist diese nicht nur subjektiv und singul\u00e4r, sondern repr\u00e4sentiert zugleich Gesellschaftlich-Historisches und Allgemein-Menschliches. Der\u2026","rel":"","context":"In &quot;(3) Rezensionen&quot;","block_context":{"text":"(3) Rezensionen","link":"https:\/\/inskriptionen.de\/?cat=21"},"img":{"alt_text":"","src":"https:\/\/i0.wp.com\/inskriptionen.de\/wp-content\/uploads\/2022\/03\/9783866602694.jpg?fit=377%2C648&ssl=1&resize=350%2C200","width":350,"height":200},"classes":[]},{"id":20,"url":"https:\/\/inskriptionen.de\/?p=20","url_meta":{"origin":4883,"position":2},"title":"Die makabre Figur der Freiheit","author":"Alfred Knurr","date":"22. Juni 2007","format":false,"excerpt":"Krzysztof Siwczyks Gedichtband \u201eIm Reich der Mitte\u201c ist in der Edition Erata auf Deutsch erschienen Wir kombinieren Phrasen, hei\u00dft es n\u00fcchtern im letzten Satz des Buches. Verwirrt steht der Leser vor dem Berg an Botschaften, den er bei der Lekt\u00fcre angesammelt hat. Eine so aberwitzige wie konsequente Geste, mit der\u2026","rel":"","context":"In &quot;Besprechungen&quot;","block_context":{"text":"Besprechungen","link":"https:\/\/inskriptionen.de\/?cat=88"},"img":{"alt_text":"","src":"","width":0,"height":0},"classes":[]},{"id":16723,"url":"https:\/\/inskriptionen.de\/?p=16723","url_meta":{"origin":4883,"position":3},"title":"Sechs Gedichte : Alexander Blok in unseren Tagen","author":"Fritz Mierau 1979","date":"24. April 2024","format":false,"excerpt":"Ja, als ich die erhabene Flamme der Liebe in mir trug, die aus den immer gleichen einfachen Elementen geschaffen war, aber einen neuen Inhalt, neuen Sinn erhalten hatte, weil die Tr\u00e4ger dieser Liebe Ljubow Dmitrijewna und ich waren - \"ungew\u00f6hnliche Menschen\" ; als ich jene Liebe in mir trug, von\u2026","rel":"","context":"In &quot;ecos da escrita&quot;","block_context":{"text":"ecos da escrita","link":"https:\/\/inskriptionen.de\/?cat=60"},"img":{"alt_text":"","src":"","width":0,"height":0},"classes":[]},{"id":5116,"url":"https:\/\/inskriptionen.de\/?p=5116","url_meta":{"origin":4883,"position":4},"title":"Amerika, eine Aufgabe feat. 01.06.2016 * AK","author":"J. W. Rosch","date":"31. Oktober 2022","format":false,"excerpt":"Sprengung aller Katergorien, Gedicht im A4-Format: auf dem Grunde der Seele klebt Blut - wie ist das m\u00f6glich? \u00a0 Papageientr\u00e4ume, Papayalieder und vergraben im Wald kein Wischlappen, nur eine unbekannte Stadt - Teil eines Sternhaufens auf Erden. \u00a0 Ich h\u00f6re dich singen, singen Ich h\u00f6re dich, Amerika Ich h\u00f6re eine\u2026","rel":"","context":"In &quot;Erinnerungsbr\u00f6sel&quot;","block_context":{"text":"Erinnerungsbr\u00f6sel","link":"https:\/\/inskriptionen.de\/?cat=3"},"img":{"alt_text":"","src":"","width":0,"height":0},"classes":[]},{"id":4131,"url":"https:\/\/inskriptionen.de\/?p=4131","url_meta":{"origin":4883,"position":5},"title":"AUGUST","author":"Werner Weimar-Mazur","date":"26. Juni 2015","format":false,"excerpt":"grasnacht schneidet den himmel das gr\u00f6\u00dfere st\u00fcck geh\u00f6rt dir im ge\u00e4st vogelmenschen im gefieder stimmen die sprache hat die amsel verlassen singen jetzt im garten d\u00e4monen jeden tag lege ich futter aus und fallen die vogelmenschen beobachten mich um das haus schleichen leoparden late nite am abend das update vom\u2026","rel":"","context":"In &quot;Trauersymmetrie&quot;","block_context":{"text":"Trauersymmetrie","link":"https:\/\/inskriptionen.de\/?cat=5"},"img":{"alt_text":"","src":"","width":0,"height":0},"classes":[]}],"jetpack_shortlink":"https:\/\/wp.me\/pcYSN4-1gL","_links":{"self":[{"href":"https:\/\/inskriptionen.de\/index.php?rest_route=\/wp\/v2\/posts\/4883","targetHints":{"allow":["GET"]}}],"collection":[{"href":"https:\/\/inskriptionen.de\/index.php?rest_route=\/wp\/v2\/posts"}],"about":[{"href":"https:\/\/inskriptionen.de\/index.php?rest_route=\/wp\/v2\/types\/post"}],"author":[{"embeddable":true,"href":"https:\/\/inskriptionen.de\/index.php?rest_route=\/wp\/v2\/users\/6"}],"replies":[{"embeddable":true,"href":"https:\/\/inskriptionen.de\/index.php?rest_route=%2Fwp%2Fv2%2Fcomments&post=4883"}],"version-history":[{"count":3,"href":"https:\/\/inskriptionen.de\/index.php?rest_route=\/wp\/v2\/posts\/4883\/revisions"}],"predecessor-version":[{"id":4887,"href":"https:\/\/inskriptionen.de\/index.php?rest_route=\/wp\/v2\/posts\/4883\/revisions\/4887"}],"wp:attachment":[{"href":"https:\/\/inskriptionen.de\/index.php?rest_route=%2Fwp%2Fv2%2Fmedia&parent=4883"}],"wp:term":[{"taxonomy":"category","embeddable":true,"href":"https:\/\/inskriptionen.de\/index.php?rest_route=%2Fwp%2Fv2%2Fcategories&post=4883"},{"taxonomy":"post_tag","embeddable":true,"href":"https:\/\/inskriptionen.de\/index.php?rest_route=%2Fwp%2Fv2%2Ftags&post=4883"}],"curies":[{"name":"wp","href":"https:\/\/api.w.org\/{rel}","templated":true}]}}