{"id":465,"date":"2009-03-23T23:48:32","date_gmt":"2009-03-23T22:48:32","guid":{"rendered":"http:\/\/www.inskriptionen.de\/?p=465"},"modified":"2009-03-23T23:48:32","modified_gmt":"2009-03-23T22:48:32","slug":"einsicht-kurz","status":"publish","type":"post","link":"https:\/\/inskriptionen.de\/?p=465","title":{"rendered":"Einsicht, kurz"},"content":{"rendered":"<p>T\u00fcr auf<\/p>\n<p>Vom eignen Horizont die T\u00fcr auftreten &#8211; und sehn : es war ein Irrtum anzunehmen die Tabus w\u00fcrden rar. Die \u00e4u\u00dferen vielleicht, das wohl. Doch da sind innere, die wachsen wie Lianen und schn\u00fcren die Gedanken zu spindeld\u00fcrren W\u00fcrsten, die sittsam aufgereiht im Schaufenster der Kr\u00e4mer liegen.<\/p>\n<p>T\u00fcr zu<\/p>\n","protected":false},"excerpt":{"rendered":"<p>T\u00fcr auf Vom eignen Horizont die T\u00fcr auftreten &#8211; und sehn : es war ein Irrtum anzunehmen die Tabus w\u00fcrden rar. Die \u00e4u\u00dferen vielleicht, das wohl. Doch da sind innere, die wachsen wie Lianen und schn\u00fcren die Gedanken zu spindeld\u00fcrren W\u00fcrsten, die sittsam aufgereiht im Schaufenster der Kr\u00e4mer liegen. T\u00fcr zu<\/p>\n","protected":false},"author":33,"featured_media":0,"comment_status":"open","ping_status":"closed","sticky":false,"template":"","format":"standard","meta":{"advanced_seo_description":"","jetpack_seo_html_title":"","jetpack_seo_noindex":false,"jetpack_post_was_ever_published":false,"_jetpack_newsletter_access":"","_jetpack_dont_email_post_to_subs":false,"_jetpack_newsletter_tier_id":0,"_jetpack_memberships_contains_paywalled_content":false,"_jetpack_memberships_contains_paid_content":false,"footnotes":""},"categories":[4],"tags":[],"class_list":["post-465","post","type-post","status-publish","format-standard","hentry","category-4"],"jetpack_featured_media_url":"","jetpack_sharing_enabled":true,"jetpack-related-posts":[{"id":1387,"url":"https:\/\/inskriptionen.de\/?p=1387","url_meta":{"origin":465,"position":0},"title":"zerst\u00f6rte t\u00fcren.","author":"van hengel","date":"7. M\u00e4rz 2012","format":false,"excerpt":"Was aber fang ich an mit einem Schl\u00fcssel in der Hand, der zu einer demolierten T\u00fcr geh\u00f6rt. \u201eSie [die Erwartung] kennt den Inhalt der Verstecke, die sie nicht \u00f6ffnen kann, und bewahrt die Schl\u00fcssel zerst\u00f6rter T\u00fcren auf.\u201c Vielleicht giebt es keinen Menschen, der von alledem ganz frei ist. Vielleicht pflegt\u2026","rel":"","context":"In &quot;Realit\u00e4tsschatten&quot;","block_context":{"text":"Realit\u00e4tsschatten","link":"https:\/\/inskriptionen.de\/?cat=4"},"img":{"alt_text":"","src":"","width":0,"height":0},"classes":[]},{"id":907,"url":"https:\/\/inskriptionen.de\/?p=907","url_meta":{"origin":465,"position":1},"title":"10. Woche Psychiatrie","author":"Roy Kral","date":"30. M\u00e4rz 2011","format":false,"excerpt":"stets gleiche wege im kopf an t\u00fcren die orakeln durch flure insgeheim vorebei an sehns\u00fcchtig blickender fenster durch t\u00fcren die fragen in r\u00e4ume wie taub. ich schwelg in d\u00e4mmerungsnuancen trete leise","rel":"","context":"In &quot;Realit\u00e4tsschatten&quot;","block_context":{"text":"Realit\u00e4tsschatten","link":"https:\/\/inskriptionen.de\/?cat=4"},"img":{"alt_text":"","src":"","width":0,"height":0},"classes":[]},{"id":804,"url":"https:\/\/inskriptionen.de\/?p=804","url_meta":{"origin":465,"position":2},"title":"T\u00fcren f\u00fchren Tr\u00e4nen z\u00e4umen Z\u00e4hne","author":"Zhenja","date":"23. Oktober 2010","format":false,"excerpt":"Die Zeiten Vom eignen Horizont ins jenseitige Erblinden, es war ein Irrtum anzunehmen : die Tabus w\u00fcrden rar : besser ablehnen. I han min sprachlos - gesittet folgen die Worte ihren Absichten. Blinde Zeiger, klimmen wir arglos, die T\u00fcren f\u00fchren ins Uhrwerk. Der R\u00e4ume","rel":"","context":"In &quot;Realit\u00e4tsschatten&quot;","block_context":{"text":"Realit\u00e4tsschatten","link":"https:\/\/inskriptionen.de\/?cat=4"},"img":{"alt_text":"","src":"","width":0,"height":0},"classes":[]},{"id":8183,"url":"https:\/\/inskriptionen.de\/?p=8183","url_meta":{"origin":465,"position":3},"title":"Wei\u00df","author":"Wassili Busskl\u00e4ff","date":"7. Juli 2017","format":false,"excerpt":"Wei\u00dfe Farbe ist doch nun wirklich etwas, das sich jeder hier leisten kann. (frau kleist, am 6. Juli 2017 um 19:19) \u00a0 dieses Gedicht ist ganz in wei\u00df die Fenster sind wei\u00df wei\u00dfes Licht eine wei\u00dfe T\u00fcr liegt aufgebockt als wei\u00dfer Tisch wir tragen wei\u00dfe Kleider wei\u00dfe Sonnenbrillen auf der\u2026","rel":"","context":"In &quot;Realit\u00e4tsschatten&quot;","block_context":{"text":"Realit\u00e4tsschatten","link":"https:\/\/inskriptionen.de\/?cat=4"},"img":{"alt_text":"","src":"","width":0,"height":0},"classes":[]},{"id":2113,"url":"https:\/\/inskriptionen.de\/?p=2113","url_meta":{"origin":465,"position":4},"title":"Wislawa in der Manteltasche","author":"fryxell","date":"26. M\u00e4rz 2013","format":false,"excerpt":"oder: Die n\u00fctzliche Reise oder: Das Ende der Selbstgespr\u00e4che Dem eigenen Vorgarten mal wieder entkommen. Das ist Gl\u00fcck. Von Zeit zu Zeit. Allem zu entkommen was allzu vertraut ist. Es gibt kein bessres Elexier. Sagte ich mir. Brich auf, brich ab, brich nicht den Stab. \u00dcber das Fremde. Das Rohe,\u2026","rel":"","context":"In &quot;Trauersymmetrie&quot;","block_context":{"text":"Trauersymmetrie","link":"https:\/\/inskriptionen.de\/?cat=5"},"img":{"alt_text":"","src":"","width":0,"height":0},"classes":[]},{"id":524,"url":"https:\/\/inskriptionen.de\/?p=524","url_meta":{"origin":465,"position":5},"title":"Verzicht","author":"crysantheme","date":"13. Juli 2009","format":false,"excerpt":"\u00a0 Jede Sprache ein neues Gew\u00e4chs. Esther hatte sch\u00f6ne Br\u00fcste. Nur verfielen sie jetzt allm\u00e4hlich, ihr mittleres Auge dem Boden zugeneigt. Wo, um des golden Gottes Willen, war ihre suprapositive Position hin. Eine Literaturdozentin stand Modell.\u00a0Ihr Lebenskleid war verschlissen. Gab den Pass ab f\u00fcr seine nekrophile Linienkunst. Die er pflegte,\u2026","rel":"","context":"In &quot;Trauersymmetrie&quot;","block_context":{"text":"Trauersymmetrie","link":"https:\/\/inskriptionen.de\/?cat=5"},"img":{"alt_text":"","src":"","width":0,"height":0},"classes":[]}],"jetpack_shortlink":"https:\/\/wp.me\/pcYSN4-7v","_links":{"self":[{"href":"https:\/\/inskriptionen.de\/index.php?rest_route=\/wp\/v2\/posts\/465","targetHints":{"allow":["GET"]}}],"collection":[{"href":"https:\/\/inskriptionen.de\/index.php?rest_route=\/wp\/v2\/posts"}],"about":[{"href":"https:\/\/inskriptionen.de\/index.php?rest_route=\/wp\/v2\/types\/post"}],"author":[{"embeddable":true,"href":"https:\/\/inskriptionen.de\/index.php?rest_route=\/wp\/v2\/users\/33"}],"replies":[{"embeddable":true,"href":"https:\/\/inskriptionen.de\/index.php?rest_route=%2Fwp%2Fv2%2Fcomments&post=465"}],"version-history":[{"count":0,"href":"https:\/\/inskriptionen.de\/index.php?rest_route=\/wp\/v2\/posts\/465\/revisions"}],"wp:attachment":[{"href":"https:\/\/inskriptionen.de\/index.php?rest_route=%2Fwp%2Fv2%2Fmedia&parent=465"}],"wp:term":[{"taxonomy":"category","embeddable":true,"href":"https:\/\/inskriptionen.de\/index.php?rest_route=%2Fwp%2Fv2%2Fcategories&post=465"},{"taxonomy":"post_tag","embeddable":true,"href":"https:\/\/inskriptionen.de\/index.php?rest_route=%2Fwp%2Fv2%2Ftags&post=465"}],"curies":[{"name":"wp","href":"https:\/\/api.w.org\/{rel}","templated":true}]}}