{"id":4307,"date":"2015-08-02T09:25:15","date_gmt":"2015-08-02T08:25:15","guid":{"rendered":"http:\/\/www.inskriptionen.de\/?p=4307"},"modified":"2015-08-02T09:25:15","modified_gmt":"2015-08-02T08:25:15","slug":"bekenntnis","status":"publish","type":"post","link":"https:\/\/inskriptionen.de\/?p=4307","title":{"rendered":"Bekenntnis"},"content":{"rendered":"<p><span style=\"color: #000000;font-family: Times New Roman;font-size: medium\">Beschreibe ich die Trauer, <\/span><\/p>\n<p><span style=\"color: #000000;font-family: Times New Roman;font-size: medium\">kr\u00fcmmt sich das Echo der W\u00f6rter<\/span><\/p>\n<p><span style=\"color: #000000;font-family: Times New Roman;font-size: medium\">in meinem Leib wie ein <\/span><\/p>\n<p><span style=\"color: #000000;font-family: Times New Roman;font-size: medium\">abgestorbener F\u00f6tus.<\/span><\/p>\n<p><span style=\"color: #000000;font-family: Times New Roman;font-size: medium\">\u00a0<\/span><\/p>\n<p><span style=\"color: #000000;font-family: Times New Roman;font-size: medium\">Ich, Schatten meiner selbst,<\/span><\/p>\n<p><span style=\"color: #000000;font-family: Times New Roman;font-size: medium\">gefesselt an die Farblosigkeit des Heute,<\/span><\/p>\n<p><span style=\"color: #000000;font-family: Times New Roman;font-size: medium\">verfang mich in den Netzen<\/span><\/p>\n<p><span style=\"color: #000000;font-family: Times New Roman;font-size: medium\">der Reglosigkeit.<\/span><\/p>\n<p><span style=\"color: #000000;font-family: Times New Roman;font-size: medium\">\u00a0<\/span><\/p>\n<p><span style=\"color: #000000;font-family: Times New Roman;font-size: medium\">Alles versinkt.<\/span><\/p>\n<p><span style=\"color: #000000;font-family: Times New Roman;font-size: medium\">H\u00e4user, Stra\u00dfen, St\u00e4dte ein Konglomerat <\/span><\/p>\n<p><span style=\"color: #000000;font-family: Times New Roman;font-size: medium\">versteinter Tristesse, die Trauer <\/span><\/p>\n<p><span style=\"color: #000000;font-family: Times New Roman;font-size: medium\">legt sich auf V\u00f6gel und B\u00e4ume, <\/span><\/p>\n<p><span style=\"color: #000000;font-family: Times New Roman;font-size: medium\">ern\u00fcchtert schleppe ich mich durch die<\/span><\/p>\n<p><span style=\"color: #000000;font-family: Times New Roman;font-size: medium\">W\u00fcste der Nichtigkeiten<\/span><\/p>\n<p><span style=\"color: #000000;font-family: Times New Roman;font-size: medium\">\u00a0<\/span><\/p>\n<p><span style=\"color: #000000;font-family: Times New Roman;font-size: medium\">Zeit der Umkehr.<\/span><\/p>\n<p><span style=\"color: #000000;font-family: Times New Roman;font-size: medium\">Das Gewebe aus Hoffen <\/span><\/p>\n<p><span style=\"color: #000000;font-family: Times New Roman;font-size: medium\">und brennender Lust aufs Ungewisse<\/span><\/p>\n<p><span style=\"color: #000000;font-family: Times New Roman;font-size: medium\">hat seinen Glanz verloren, nur<\/span><\/p>\n<p><span style=\"color: #000000;font-family: Times New Roman;font-size: medium\">diese Trauer, der Schmerz. <\/span><\/p>\n","protected":false},"excerpt":{"rendered":"<p>Beschreibe ich die Trauer, kr\u00fcmmt sich das Echo der W\u00f6rter in meinem Leib wie ein abgestorbener F\u00f6tus. \u00a0 Ich, Schatten meiner selbst, gefesselt an die Farblosigkeit des Heute, verfang mich in den Netzen der Reglosigkeit. \u00a0 Alles versinkt. H\u00e4user, Stra\u00dfen, St\u00e4dte ein Konglomerat versteinter Tristesse, die Trauer legt sich auf V\u00f6gel und B\u00e4ume, ern\u00fcchtert schleppe&#8230;<\/p>\n","protected":false},"author":149,"featured_media":0,"comment_status":"open","ping_status":"closed","sticky":false,"template":"","format":"standard","meta":{"advanced_seo_description":"","jetpack_seo_html_title":"","jetpack_seo_noindex":false,"jetpack_post_was_ever_published":false,"_jetpack_newsletter_access":"","_jetpack_dont_email_post_to_subs":false,"_jetpack_newsletter_tier_id":0,"_jetpack_memberships_contains_paywalled_content":false,"_jetpack_memberships_contains_paid_content":false,"footnotes":""},"categories":[4],"tags":[],"class_list":["post-4307","post","type-post","status-publish","format-standard","hentry","category-4"],"jetpack_featured_media_url":"","jetpack_sharing_enabled":true,"jetpack-related-posts":[],"jetpack_shortlink":"https:\/\/wp.me\/pcYSN4-17t","_links":{"self":[{"href":"https:\/\/inskriptionen.de\/index.php?rest_route=\/wp\/v2\/posts\/4307","targetHints":{"allow":["GET"]}}],"collection":[{"href":"https:\/\/inskriptionen.de\/index.php?rest_route=\/wp\/v2\/posts"}],"about":[{"href":"https:\/\/inskriptionen.de\/index.php?rest_route=\/wp\/v2\/types\/post"}],"author":[{"embeddable":true,"href":"https:\/\/inskriptionen.de\/index.php?rest_route=\/wp\/v2\/users\/149"}],"replies":[{"embeddable":true,"href":"https:\/\/inskriptionen.de\/index.php?rest_route=%2Fwp%2Fv2%2Fcomments&post=4307"}],"version-history":[{"count":1,"href":"https:\/\/inskriptionen.de\/index.php?rest_route=\/wp\/v2\/posts\/4307\/revisions"}],"predecessor-version":[{"id":4308,"href":"https:\/\/inskriptionen.de\/index.php?rest_route=\/wp\/v2\/posts\/4307\/revisions\/4308"}],"wp:attachment":[{"href":"https:\/\/inskriptionen.de\/index.php?rest_route=%2Fwp%2Fv2%2Fmedia&parent=4307"}],"wp:term":[{"taxonomy":"category","embeddable":true,"href":"https:\/\/inskriptionen.de\/index.php?rest_route=%2Fwp%2Fv2%2Fcategories&post=4307"},{"taxonomy":"post_tag","embeddable":true,"href":"https:\/\/inskriptionen.de\/index.php?rest_route=%2Fwp%2Fv2%2Ftags&post=4307"}],"curies":[{"name":"wp","href":"https:\/\/api.w.org\/{rel}","templated":true}]}}