{"id":3033,"date":"2014-04-14T00:10:05","date_gmt":"2014-04-13T23:10:05","guid":{"rendered":"http:\/\/www.inskriptionen.de\/?p=3033"},"modified":"2014-04-14T08:49:35","modified_gmt":"2014-04-14T07:49:35","slug":"neues-aus-der-extremismusforschung","status":"publish","type":"post","link":"https:\/\/inskriptionen.de\/?p=3033","title":{"rendered":"Neues aus der Extremismusforschung"},"content":{"rendered":"<p>Der Extremismus der Mitte schleicht, gutb\u00fcrgerlich getarnt, durch Nebel selbstgef\u00e4lliger Satuiertheit und knabbert l\u00fcstern im toten Winkel des matten, gaucklerhaften Lichts maroder Rechtsstaatlichkeitslaternen am morschen Geb\u00e4lk \u201eunver\u00e4u\u00dferlicher\u201c Freiheiten.<\/p>\n<p>Jede Nacht legt er die Reste seiner konstitutionellen Opfer in einer ungenie\u00dfbaren Lake aus Halbwahrheit ein, bevor er sie, garniert mit Ressentiments, die der Vorherrschaft seiner Auftraggeber dienlich sind, den Verirrten der \u201aWelt\u2018 von Morgen -mit \u00fcberparteilicher Empfehlung- mittags als Nachrichtensalat serviert.*<\/p>\n<p>Der Extremismus der Mitte braucht die verinnerlichte Schere im Kopf der Funktionseliten, ist auf die auf Kommando einschaltbare \u00c4ngstlichkeit der kleinb\u00fcrgerlichen Besitzstandswahrer angewiesen und wird in den Netzwerken der Geldeliten geplant, gesch\u00fcrt und gefeiert.<\/p>\n<p>Der Extremismus der Mitte nimmt auf politischen Grenzen keine R\u00fccksicht, er verwendet Sturmgesch\u00fctze, sowie Mineure. Wenn es der Durchsetzung von Interessen dient, kapert er Sozialdemokraten (\u00fcber Jahrzente), gr\u00fcndet die AfD (im Nu), l\u00e4dt einen \u201an\u00fctzlichen Idioten\u2018 wie Trittin zur Bilderberg-Konferenz ein, oder bandelt sogar mit einem Linken-Abgeordneten, wie z.B. dem frischgebackenen Auslandseinsatzbef\u00fcrworter Liebich beim Kaffeekr\u00e4nzchen auf der \u201eAtlantikbr\u00fccke\u201c an .<\/p>\n<p>Der Extremismus der Mitte ist globale, totalit\u00e4re Realit\u00e4t. Er funktioniert nicht nur in Deutschland &#8211; nahezu jedes (westliche) Land, insbesondere die von \u201aZentristen\u2018 gef\u00fchrten Vereinigten Staaten sind nach seinem Modell organisiert.<\/p>\n<p>Der Extremismus der Mitte ist\u00a0 ein Schneeballsystem, denn wie er wirkt, verdaut er sich selbst, lebt von der schwindenden Substanz der Gesellschaft, die er durch dauerhafte L\u00fcgen, Entsolidarisierung und somit Entfremdung die Grundlagen einer ethisch vorbildhaften, unabh\u00e4ngigen und deshalb (zumindest der konservativ-b\u00fcrgerlichen Theorie nach) \u201erechtm\u00e4\u00dfig\u201c meinungsf\u00fchrenden, vermeintlichen Mitte vernichtet .<\/p>\n<p>Der Extremismus der Mitte ist aufgrund seiner Schwindsucht jedoch nur ein Symptom und zwar der eigentlichen Ursache seiner Existenz, n\u00e4mlich eines &#8218;Extremismus\u2018 von Oben&#8216; &#8211; der auf Dauer hervorragend auf (s)eine extremistische Mitte und mit ihr auf weitere ca. 90% der Bev\u00f6lkerung verzichten kann.<\/p>\n<p>Denn die 1% Herren brauchen dann nur noch 10% Sklaven (ruhig auch geklont) und als Rest Maschinen, das reicht den Extremisten von Oben mittelfristig (nimmt man die Geschichtsschreibung der Menschheit als Ma\u00dfstab) n\u00e4mlich ganz gut aus (an dieser Stelle werden viele Leser den Kopf sch\u00fctteln, denn das wollen sie nicht h\u00f6ren bzw. lesen, denn es kann ja nicht sein, was nicht sein darf).<\/p>\n<p>Bis es also bald soweit ist, bedient man sich aber noch ein wenig der &#8211; dem eigenen Bekunden nach &#8211; \u201eextremst mittigen\u201c Kreaturen der Macht wie z.B. Golems in Zwirn (Gabriel), erbsensuppigen Kinderfressern (Merkel) oder Armut predigenden Boss-a-novas (G\u00f6ring-Eckardt) der <em>Kapitalistischen Einheitspartei Deutschlands<\/em>.<\/p>\n<p>&nbsp;<\/p>\n<p>* siehe auch: K. Tucholsky [http:\/\/www.textlog.de\/tucholsky-presse-realitaet.html]&#8220;(&#8230;)Der Redakteur bekommt mit der Zeit den Gr\u00f6\u00dfenwahn. Besonders der beschr\u00e4nkte, der nicht sieht, dass er nur Handwerkszeug Gr\u00f6\u00dferer, hinter ihm Stehender ist. Er hat im Laufe der Jahre gelernt, dass das, was er nicht drucken l\u00e4\u00dft, f\u00fcr Hunderttausende nicht existiert \u2013 dass das, was er den Leuten mit der Papageientaktik in die K\u00f6pfe l\u00e4rmt, f\u00fcr sie im Mittelpunkt der Erde steht. Er wird also immer mehr auf die Wirkung als auf die Wirklichkeit sehen.(&#8230;)&#8220;<\/p>\n<p>&nbsp;<\/p>\n","protected":false},"excerpt":{"rendered":"<p>Der Extremismus der Mitte schleicht, gutb\u00fcrgerlich getarnt, durch Nebel selbstgef\u00e4lliger Satuiertheit und knabbert l\u00fcstern im toten Winkel des matten, gaucklerhaften Lichts maroder Rechtsstaatlichkeitslaternen am morschen Geb\u00e4lk \u201eunver\u00e4u\u00dferlicher\u201c Freiheiten. Jede Nacht legt er die Reste seiner konstitutionellen Opfer in einer ungenie\u00dfbaren Lake aus Halbwahrheit ein, bevor er sie, garniert mit Ressentiments, die der Vorherrschaft seiner Auftraggeber&#8230;<\/p>\n","protected":false},"author":603,"featured_media":0,"comment_status":"open","ping_status":"closed","sticky":false,"template":"","format":"standard","meta":{"advanced_seo_description":"","jetpack_seo_html_title":"","jetpack_seo_noindex":false,"jetpack_post_was_ever_published":false,"_jetpack_newsletter_access":"","_jetpack_dont_email_post_to_subs":false,"_jetpack_newsletter_tier_id":0,"_jetpack_memberships_contains_paywalled_content":false,"_jetpack_memberships_contains_paid_content":false,"footnotes":""},"categories":[3],"tags":[],"class_list":["post-3033","post","type-post","status-publish","format-standard","hentry","category-3"],"jetpack_featured_media_url":"","jetpack_sharing_enabled":true,"jetpack-related-posts":[{"id":16996,"url":"https:\/\/inskriptionen.de\/?p=16996","url_meta":{"origin":3033,"position":0},"title":"Die Doppelzange","author":"Theodor Holz","date":"3. Februar 2025","format":false,"excerpt":"Wir haben uns in eine Zwickm\u00fchle man\u00f6vriert. Wir behaupten, dass wir aus dem Faschismus gelernt h\u00e4tten. Damit wiegen wir uns im Recht und vergessen den blinden Fleck, der uns eine wirkliche Erkenntnis und Konsequenz verwehrt. Ich versuche es kurz und in einfachen Worten zu sagen: Wir haben unserer Wirtschaft Regeln\u2026","rel":"","context":"In &quot;Endspiele&quot;","block_context":{"text":"Endspiele","link":"https:\/\/inskriptionen.de\/?cat=90"},"img":{"alt_text":"","src":"https:\/\/i0.wp.com\/inskriptionen.de\/wp-content\/uploads\/2025\/02\/Freigeld.webp?fit=750%2C325&ssl=1&resize=350%2C200","width":350,"height":200,"srcset":"https:\/\/i0.wp.com\/inskriptionen.de\/wp-content\/uploads\/2025\/02\/Freigeld.webp?fit=750%2C325&ssl=1&resize=350%2C200 1x, https:\/\/i0.wp.com\/inskriptionen.de\/wp-content\/uploads\/2025\/02\/Freigeld.webp?fit=750%2C325&ssl=1&resize=525%2C300 1.5x, https:\/\/i0.wp.com\/inskriptionen.de\/wp-content\/uploads\/2025\/02\/Freigeld.webp?fit=750%2C325&ssl=1&resize=700%2C400 2x"},"classes":[]},{"id":6714,"url":"https:\/\/inskriptionen.de\/?p=6714","url_meta":{"origin":3033,"position":1},"title":"Die unappetitlichen L\u00fcgengeschichten des Herrn Kreon","author":"Kreon","date":"18. November 2016","format":false,"excerpt":"Teil II Sexueller Missbrauch in DDR-Jugendheimen Quelle: ZEIT ONLINE, Matthias Schlegel Immer durchzuckt sie diese Angst, wenn der Erzieher in den Gruppenraum tritt, in barschem Ton ihren Namen ruft und den milit\u00e4rischen Befehl hinzuf\u00fcgt: \"Raustreten\". Heidemarie ist 16 Jahre alt. Sie wird in eine der Arrestzellen gef\u00fchrt. Sie wei\u00df, was\u2026","rel":"","context":"In &quot;(3) Rezensionen&quot;","block_context":{"text":"(3) Rezensionen","link":"https:\/\/inskriptionen.de\/?cat=21"},"img":{"alt_text":"","src":"","width":0,"height":0},"classes":[]},{"id":4883,"url":"https:\/\/inskriptionen.de\/?p=4883","url_meta":{"origin":3033,"position":2},"title":"Gedichte a priori","author":"J. W. Rosch","date":"21. April 2016","format":false,"excerpt":"Wozu Gedichte? Die alte Frage streicht den Kern der Dinge einfach durch. Durchstreift die Gegend zwischen allen menschlichen Angelegenheiten, ein Kater mit Kopf Herz & Schnauze. Die Frage aus dem Kater t\u00f6nt hell, klar strahlt das Licht durch den Himmel. Prolegomena eines elementaren Strahlens, X Quadrat der Rest begegnet sich\u2026","rel":"","context":"In &quot;Wortmysterien&quot;","block_context":{"text":"Wortmysterien","link":"https:\/\/inskriptionen.de\/?cat=6"},"img":{"alt_text":"","src":"","width":0,"height":0},"classes":[]},{"id":3342,"url":"https:\/\/inskriptionen.de\/?p=3342","url_meta":{"origin":3033,"position":3},"title":"Duftende Wolken : verkokeltes Gras","author":"Theodor Holz","date":"14. Juni 2014","format":false,"excerpt":"Berlin bespa\u00dft seine Besucher : Freitagnacht Am Kottbusser Tor brennen die Lichter : der Friseur Verpa\u00dft dir eine frische M\u00e4hne : damit du tanzen Kannst : am Spreeufer entlang : auf den Stadtstr\u00e4nden Durchs Oscar Wilde : \u00fcberall leuchten dir Lichter In Trauben stehen die Leute herum : \u00fcber den\u2026","rel":"","context":"In &quot;Erinnerungsbr\u00f6sel&quot;","block_context":{"text":"Erinnerungsbr\u00f6sel","link":"https:\/\/inskriptionen.de\/?cat=3"},"img":{"alt_text":"","src":"","width":0,"height":0},"classes":[]},{"id":2010,"url":"https:\/\/inskriptionen.de\/?p=2010","url_meta":{"origin":3033,"position":4},"title":"nachts","author":"eisenhans","date":"3. Februar 2013","format":false,"excerpt":"Mitten in der Nacht erwachte ich und hatte das deutliche Gef\u00fchl, dass etwas nicht in Ordnung war. Vielleicht war es die Stille. Kein Auto war zu h\u00f6ren, kein Krakeelen von sp\u00e4ten Passanten, selbst das Licht der Stra\u00dfenlampen drang sp\u00e4rlicher als sonst durch die Vorh\u00e4nge. Ich starrte eine Weile ins Dunkel\u2026","rel":"","context":"In &quot;Trauersymmetrie&quot;","block_context":{"text":"Trauersymmetrie","link":"https:\/\/inskriptionen.de\/?cat=5"},"img":{"alt_text":"","src":"","width":0,"height":0},"classes":[]},{"id":2514,"url":"https:\/\/inskriptionen.de\/?p=2514","url_meta":{"origin":3033,"position":5},"title":"die botschaft","author":"Werner Weimar-Mazur","date":"16. Dezember 2013","format":false,"excerpt":"ereignis reich die nacht liefen hunde zu einem sternbild zusammen hinter wolkengedr\u00f6hn mitten im kalten winter fressen licht von der milch stra\u00dfe schwarze l\u00f6cher ein bellen am himmel wohl zu der halben nacht ein streunen und im fell stallgeruch wie uns die alten sungen","rel":"","context":"In &quot;Realit\u00e4tsschatten&quot;","block_context":{"text":"Realit\u00e4tsschatten","link":"https:\/\/inskriptionen.de\/?cat=4"},"img":{"alt_text":"","src":"","width":0,"height":0},"classes":[]}],"jetpack_shortlink":"https:\/\/wp.me\/pcYSN4-MV","_links":{"self":[{"href":"https:\/\/inskriptionen.de\/index.php?rest_route=\/wp\/v2\/posts\/3033","targetHints":{"allow":["GET"]}}],"collection":[{"href":"https:\/\/inskriptionen.de\/index.php?rest_route=\/wp\/v2\/posts"}],"about":[{"href":"https:\/\/inskriptionen.de\/index.php?rest_route=\/wp\/v2\/types\/post"}],"author":[{"embeddable":true,"href":"https:\/\/inskriptionen.de\/index.php?rest_route=\/wp\/v2\/users\/603"}],"replies":[{"embeddable":true,"href":"https:\/\/inskriptionen.de\/index.php?rest_route=%2Fwp%2Fv2%2Fcomments&post=3033"}],"version-history":[{"count":10,"href":"https:\/\/inskriptionen.de\/index.php?rest_route=\/wp\/v2\/posts\/3033\/revisions"}],"predecessor-version":[{"id":3044,"href":"https:\/\/inskriptionen.de\/index.php?rest_route=\/wp\/v2\/posts\/3033\/revisions\/3044"}],"wp:attachment":[{"href":"https:\/\/inskriptionen.de\/index.php?rest_route=%2Fwp%2Fv2%2Fmedia&parent=3033"}],"wp:term":[{"taxonomy":"category","embeddable":true,"href":"https:\/\/inskriptionen.de\/index.php?rest_route=%2Fwp%2Fv2%2Fcategories&post=3033"},{"taxonomy":"post_tag","embeddable":true,"href":"https:\/\/inskriptionen.de\/index.php?rest_route=%2Fwp%2Fv2%2Ftags&post=3033"}],"curies":[{"name":"wp","href":"https:\/\/api.w.org\/{rel}","templated":true}]}}