{"id":2199,"date":"2013-06-22T09:09:53","date_gmt":"2013-06-22T08:09:53","guid":{"rendered":"http:\/\/www.inskriptionen.de\/?p=2199"},"modified":"2013-10-01T17:10:17","modified_gmt":"2013-10-01T16:10:17","slug":"15-juni-kulturcampus","status":"publish","type":"post","link":"https:\/\/inskriptionen.de\/?p=2199","title":{"rendered":"* * *"},"content":{"rendered":"<p>Der Mensch ist ein Kuchen,<br \/>\nDas Gedicht ist ein Kind.<\/p>\n<p>So viele Verse, und die Luft<br \/>\nZum Atmen<br \/>\nWird uns nun nach Jahrhunderten zugemessen<\/p>\n<p><em>23. Mai<\/em><br \/>\nAgenda 2010, vorbei.<br \/>\nDanach Gedichte, nur noch den Atem, der aus<br \/>\nDem Herzen kommt.<\/p>\n<p>Mit dem Licht erwachen die V\u00f6gel,<br \/>\nWen vermag es da noch zu halten<br \/>\nIm dunklen Nest?<\/p>\n<p>Hinter verschlossenen Fenstern<br \/>\nh\u00f6rt man den Wind nur in der Ferne,<br \/>\nDas himmlische Kind, das die Fahnen<br \/>\nzum Klirren bringt.<\/p>\n<p>Drei Jahre sp\u00e4ter wird ein Wille<br \/>\nWiedergeboren aus dem Geiste der<br \/>\nMusik, Muzhik<br \/>\nUnd ich frage mich<br \/>\nParlando<br \/>\nParlando<br \/>\nParlando<br \/>\nIch frage dich<br \/>\nSchon lange nicht mehr.<br \/>\nAm f\u00fcnften Mai starb hinterm Deich<br \/>\nDie Dichterin Sarah Kirsch<br \/>\nUnd gestern brachten sie es in der Tagesschau.<\/p>\n<p>Schnitt, die<br \/>\nKunst ist ein Schrank<br \/>\nIn der Moskauer<br \/>\nLeere, 1927<br \/>\nDas Opfer der<br \/>\nTitel eines Films<br \/>\nJahrzehnte sp\u00e4ter.<br \/>\nIch sagen, Schnitte<br \/>\n\u00dcberblenden<br \/>\nDen Raum zwischen<br \/>\nDen Gedanken, kon<br \/>\nkret kon<br \/>\ndukt ** kon<br \/>\nvers, ***** kon&#8216;<br \/>\n+++  Poesie  &#8211; &#8211; &#8211;<br \/>\nUnd die wei\u00dfen Pferde<br \/>\n***** mit den *****<br \/>\nSchwarzen Schw\u00e4nen<br \/>\nNicht am Himmel<\/p>\n","protected":false},"excerpt":{"rendered":"<p>Der Mensch ist ein Kuchen, Das Gedicht ist ein Kind. So viele Verse, und die Luft Zum Atmen Wird uns nun nach Jahrhunderten zugemessen 23. Mai Agenda 2010, vorbei. Danach Gedichte, nur noch den Atem, der aus Dem Herzen kommt. Mit dem Licht erwachen die V\u00f6gel, Wen vermag es da noch zu halten Im dunklen&#8230;<\/p>\n","protected":false},"author":6,"featured_media":0,"comment_status":"open","ping_status":"closed","sticky":false,"template":"","format":"standard","meta":{"advanced_seo_description":"","jetpack_seo_html_title":"","jetpack_seo_noindex":false,"jetpack_post_was_ever_published":false,"_jetpack_newsletter_access":"","_jetpack_dont_email_post_to_subs":false,"_jetpack_newsletter_tier_id":0,"_jetpack_memberships_contains_paywalled_content":false,"_jetpack_memberships_contains_paid_content":false,"footnotes":""},"categories":[4],"tags":[],"class_list":["post-2199","post","type-post","status-publish","format-standard","hentry","category-4"],"jetpack_featured_media_url":"","jetpack_sharing_enabled":true,"jetpack-related-posts":[{"id":15184,"url":"https:\/\/inskriptionen.de\/?p=15184","url_meta":{"origin":2199,"position":0},"title":"In der Steilwand","author":"Helmbrecht Breinig","date":"22. M\u00e4rz 2022","format":false,"excerpt":"Der Titel des neuen Gedichtbandes von Michael Fruth, ENG. WEIT. HIER. NOCH, k\u00f6nnte die deutsche Lyriklandschaft charakterisieren, in die er ein markantes Wegzeichen einrammt. Der Autor ist bescheidener, nennt das Buch eine \u201epoetische Autobiografie\u201c, und doch ist diese nicht nur subjektiv und singul\u00e4r, sondern repr\u00e4sentiert zugleich Gesellschaftlich-Historisches und Allgemein-Menschliches. Der\u2026","rel":"","context":"In &quot;(3) Rezensionen&quot;","block_context":{"text":"(3) Rezensionen","link":"https:\/\/inskriptionen.de\/?cat=21"},"img":{"alt_text":"","src":"https:\/\/i0.wp.com\/inskriptionen.de\/wp-content\/uploads\/2022\/03\/9783866602694.jpg?fit=377%2C648&ssl=1&resize=350%2C200","width":350,"height":200},"classes":[]},{"id":4141,"url":"https:\/\/inskriptionen.de\/?p=4141","url_meta":{"origin":2199,"position":1},"title":"* * *","author":"J. W. Rosch","date":"30. Juni 2015","format":false,"excerpt":"Gedichte und Kaffee, in dieser Reihenfolge - sp\u00e4ter Kaffee und ein Gedicht : Gedicht : bitte * * * DU LEBTEST mitten im Schnee, kleiner Vogel Und mein Haus war dein Haus. Das Haus vor meinem Haus. Ja, man kann das Tempo nicht ------------------------------------------ erz\u00e4hlen Es sei denn mit Metronom.\u2026","rel":"","context":"In &quot;Realit\u00e4tsschatten&quot;","block_context":{"text":"Realit\u00e4tsschatten","link":"https:\/\/inskriptionen.de\/?cat=4"},"img":{"alt_text":"","src":"","width":0,"height":0},"classes":[]},{"id":6549,"url":"https:\/\/inskriptionen.de\/?p=6549","url_meta":{"origin":2199,"position":2},"title":"Berlin-Ost","author":"Kreon","date":"8. November 2016","format":false,"excerpt":"10. Mai 1982 (f\u00fcr helmut) \u00a0 Das ist die gro\u00dfe Stadt die weite die immer alles kann und alles hat die Sehnsucht und den Hass von all den anderen die das nicht haben. Aber das m\u00fcsse so sein sagt man. Da an der Schaltstelle ein Schaufenster zum Wundern und Staunen\u2026","rel":"","context":"In &quot;Trauersymmetrie&quot;","block_context":{"text":"Trauersymmetrie","link":"https:\/\/inskriptionen.de\/?cat=5"},"img":{"alt_text":"","src":"","width":0,"height":0},"classes":[]},{"id":16205,"url":"https:\/\/inskriptionen.de\/?p=16205","url_meta":{"origin":2199,"position":3},"title":"\u201eDas Ged\u00e4chtnis ist ein amethystfarbenes Meer\u201c","author":"Markus","date":"13. Mai 2023","format":false,"excerpt":"Erinnerungen an die Triestiner Lyrikerin Lina Galli War es das Caf\u00e9 Stella Polare oder das Danubio gewesen, so frage ich mich, wo Giorgio Voghera mich an einem Februartag des Jahres 1979 mit einer \u00e4lteren Dame bekannt gemacht hatte, der, wie es bei ihrem Tod 1993 in der Lokalzeitung Il Piccolo\u2026","rel":"","context":"In &quot;ecos da escrita&quot;","block_context":{"text":"ecos da escrita","link":"https:\/\/inskriptionen.de\/?cat=60"},"img":{"alt_text":"","src":"","width":0,"height":0},"classes":[]},{"id":1285,"url":"https:\/\/inskriptionen.de\/?p=1285","url_meta":{"origin":2199,"position":4},"title":"hilfloses nichtverstehen ODER k\u00f6nnen gedichte im ausgu\u00df verschwinden","author":"eisenhans","date":"5. Februar 2012","format":false,"excerpt":"(hauskindscherzo) nat\u00fcrlich nicht es sei denn der g\u00e4rtner ist spontan empf\u00e4nglich f\u00fcr cymbalustiges wortgeklingel dann w\u00e4re kichern ein kompliment einerseits (evtl. lyrikersatz?) merke man schreibt nur mit dem sch\u00f6pfchen gut die hand ist im wesentlichen zum blumen gie\u00dfen da haltet eure missverst\u00e4ndnisse entlarvend haltet eure buchstabenreihen geharkt haltet eure gedichtsurrogate\u2026","rel":"","context":"In &quot;Gem\u00fctstiefe&quot;","block_context":{"text":"Gem\u00fctstiefe","link":"https:\/\/inskriptionen.de\/?cat=9"},"img":{"alt_text":"","src":"","width":0,"height":0},"classes":[]},{"id":4131,"url":"https:\/\/inskriptionen.de\/?p=4131","url_meta":{"origin":2199,"position":5},"title":"AUGUST","author":"Werner Weimar-Mazur","date":"26. Juni 2015","format":false,"excerpt":"grasnacht schneidet den himmel das gr\u00f6\u00dfere st\u00fcck geh\u00f6rt dir im ge\u00e4st vogelmenschen im gefieder stimmen die sprache hat die amsel verlassen singen jetzt im garten d\u00e4monen jeden tag lege ich futter aus und fallen die vogelmenschen beobachten mich um das haus schleichen leoparden late nite am abend das update vom\u2026","rel":"","context":"In &quot;Trauersymmetrie&quot;","block_context":{"text":"Trauersymmetrie","link":"https:\/\/inskriptionen.de\/?cat=5"},"img":{"alt_text":"","src":"","width":0,"height":0},"classes":[]}],"jetpack_shortlink":"https:\/\/wp.me\/pcYSN4-zt","_links":{"self":[{"href":"https:\/\/inskriptionen.de\/index.php?rest_route=\/wp\/v2\/posts\/2199","targetHints":{"allow":["GET"]}}],"collection":[{"href":"https:\/\/inskriptionen.de\/index.php?rest_route=\/wp\/v2\/posts"}],"about":[{"href":"https:\/\/inskriptionen.de\/index.php?rest_route=\/wp\/v2\/types\/post"}],"author":[{"embeddable":true,"href":"https:\/\/inskriptionen.de\/index.php?rest_route=\/wp\/v2\/users\/6"}],"replies":[{"embeddable":true,"href":"https:\/\/inskriptionen.de\/index.php?rest_route=%2Fwp%2Fv2%2Fcomments&post=2199"}],"version-history":[{"count":0,"href":"https:\/\/inskriptionen.de\/index.php?rest_route=\/wp\/v2\/posts\/2199\/revisions"}],"wp:attachment":[{"href":"https:\/\/inskriptionen.de\/index.php?rest_route=%2Fwp%2Fv2%2Fmedia&parent=2199"}],"wp:term":[{"taxonomy":"category","embeddable":true,"href":"https:\/\/inskriptionen.de\/index.php?rest_route=%2Fwp%2Fv2%2Fcategories&post=2199"},{"taxonomy":"post_tag","embeddable":true,"href":"https:\/\/inskriptionen.de\/index.php?rest_route=%2Fwp%2Fv2%2Ftags&post=2199"}],"curies":[{"name":"wp","href":"https:\/\/api.w.org\/{rel}","templated":true}]}}