{"id":1554,"date":"2012-05-04T19:11:47","date_gmt":"2012-05-04T18:11:47","guid":{"rendered":"http:\/\/www.inskriptionen.de\/?p=1554"},"modified":"2012-06-21T20:59:13","modified_gmt":"2012-06-21T19:59:13","slug":"altaussee","status":"publish","type":"post","link":"https:\/\/inskriptionen.de\/?p=1554","title":{"rendered":"Altaussee"},"content":{"rendered":"<p>Du warst noch einen atemzug von mir entfernt. Es regnete. Der see lag in wolken, die berge im grau. Eine pl\u00e4tte trieb auf dem wasser. Wir gingen seite an seite bis zum hinteren ende des sees, wo sich der wildbach aus dem Toten Gebirge herunter st\u00fcrzt. Von dort sieht man bei gutem wetter \u00fcber dem dorf das bergmassiv und den gletscher in der ferne. Ich sah in der kalten luft deinen atem, der ganz warm war vom schnellen gehen. Erst jetzt sprachen wir. Auch von dem beinhaus dr\u00fcben in Hallstatt, wo sie die sch\u00e4del der toten aufgeschichtet und mit bauernmalerei bunt verziert hatten. Und von den ausgrabungen weiter oben im tal. Auf dem r\u00fcckweg kamen wir an dem marterl vorbei. Die luft unserer atem vermischte sich mit dem regen, unsere stimmen vermischten sich mit den wellen.<\/p>\n<p>Die Hintere Sandlingalm lag verlassen, die Vordere zeugte vom bergsturz. Manchmal bewegt sich liebe wie salz, manchmal wie ein turbidit. Das felsgrau des Tressensteins unterschied sich nicht vom grau der wolken. Die berge sind nichts f\u00fcr einen fremden.<\/p>\n","protected":false},"excerpt":{"rendered":"<p>Du warst noch einen atemzug von mir entfernt. Es regnete. Der see lag in wolken, die berge im grau. Eine pl\u00e4tte trieb auf dem wasser. Wir gingen seite an seite bis zum hinteren ende des sees, wo sich der wildbach aus dem Toten Gebirge herunter st\u00fcrzt. Von dort sieht man bei gutem wetter \u00fcber dem&#8230;<\/p>\n","protected":false},"author":92,"featured_media":0,"comment_status":"open","ping_status":"closed","sticky":false,"template":"","format":"standard","meta":{"advanced_seo_description":"","jetpack_seo_html_title":"","jetpack_seo_noindex":false,"jetpack_post_was_ever_published":false,"_jetpack_newsletter_access":"","_jetpack_dont_email_post_to_subs":false,"_jetpack_newsletter_tier_id":0,"_jetpack_memberships_contains_paywalled_content":false,"_jetpack_memberships_contains_paid_content":false,"footnotes":""},"categories":[5],"tags":[],"class_list":["post-1554","post","type-post","status-publish","format-standard","hentry","category-5"],"jetpack_featured_media_url":"","jetpack_sharing_enabled":true,"jetpack-related-posts":[{"id":10812,"url":"https:\/\/inskriptionen.de\/?p=10812","url_meta":{"origin":1554,"position":0},"title":"promenades des faunes","author":"Werner Weimar-Mazur","date":"13. November 2018","format":false,"excerpt":"mit hingabe an die nacht z\u00e4hle ich m\u00fcnzen schlafen im schatten der platanen seidene papillen auf einem see der ruhe treiben schweigend die fl\u00fcgelschl\u00e4ge von nebelfaltern dahin zittern deine lippen in den wogenden bewegungen von w\u00f6rtern atember\u00fchrungen von streulicht f\u00fcr einen schreck eine sekunde tasten fingerkuppen zeile f\u00fcr zeile die\u2026","rel":"","context":"In &quot;Erinnerungsbr\u00f6sel&quot;","block_context":{"text":"Erinnerungsbr\u00f6sel","link":"https:\/\/inskriptionen.de\/?cat=3"},"img":{"alt_text":"","src":"","width":0,"height":0},"classes":[]},{"id":4131,"url":"https:\/\/inskriptionen.de\/?p=4131","url_meta":{"origin":1554,"position":1},"title":"AUGUST","author":"Werner Weimar-Mazur","date":"26. Juni 2015","format":false,"excerpt":"grasnacht schneidet den himmel das gr\u00f6\u00dfere st\u00fcck geh\u00f6rt dir im ge\u00e4st vogelmenschen im gefieder stimmen die sprache hat die amsel verlassen singen jetzt im garten d\u00e4monen jeden tag lege ich futter aus und fallen die vogelmenschen beobachten mich um das haus schleichen leoparden late nite am abend das update vom\u2026","rel":"","context":"In &quot;Trauersymmetrie&quot;","block_context":{"text":"Trauersymmetrie","link":"https:\/\/inskriptionen.de\/?cat=5"},"img":{"alt_text":"","src":"","width":0,"height":0},"classes":[]},{"id":2072,"url":"https:\/\/inskriptionen.de\/?p=2072","url_meta":{"origin":1554,"position":2},"title":"H\u00e4hnchen und Porno","author":"eisenhans","date":"7. M\u00e4rz 2013","format":false,"excerpt":"Dienstag kam sie fr\u00fcher als sonst nach Hause. Schon im Hausflur sp\u00fcrte sie, dass etwas nicht stimmte. Sie h\u00f6rte, dass der Fernseher lief. Frank sah sonst tags\u00fcber nie fern, selbst wenn er Zeit hatte. Leise schlo\u00df sie die Wohnungst\u00fcr auf und ging ins Wohnzimmer. Frank sa\u00df auf dem Sofa und\u2026","rel":"","context":"In &quot;Trauersymmetrie&quot;","block_context":{"text":"Trauersymmetrie","link":"https:\/\/inskriptionen.de\/?cat=5"},"img":{"alt_text":"","src":"","width":0,"height":0},"classes":[]},{"id":678,"url":"https:\/\/inskriptionen.de\/?p=678","url_meta":{"origin":1554,"position":3},"title":"Ossip Mandelstam, Verse vom unbekannten Soldaten","author":"Zhenja","date":"17. M\u00e4rz 2010","format":false,"excerpt":"The centuries surround me with fire. Osip Mandelstam (1976) - YouTube <1> Mag diese Luft also Zeuge sein, Weithin reichendes Herz, Und in den H\u00fctten, allbekannt, steht der Ozean ohne Fenster - Schmerz. Ach, was sind doch die Sterne mitteilsam! Alles m\u00fcssen sie schauen - wof\u00fcr? - F\u00fcr das Urteil\u2026","rel":"","context":"In &quot;Realit\u00e4tsschatten&quot;","block_context":{"text":"Realit\u00e4tsschatten","link":"https:\/\/inskriptionen.de\/?cat=4"},"img":{"alt_text":"","src":"","width":0,"height":0},"classes":[]},{"id":14700,"url":"https:\/\/inskriptionen.de\/?p=14700","url_meta":{"origin":1554,"position":4},"title":"Echo auf: Claude L\u00e9vi-Strauss, Traurige Tropen (Kapitel &#8222;Sonnenunterg\u00e4nge&#8220;)","author":"Markus","date":"3. Februar 2022","format":false,"excerpt":"F\u00fcr die Wissenschaftler sind Morgend\u00e4mmerung und Abendd\u00e4mmerung ein und dieselbe Erscheinung, und schon die alten Griechen waren dieser Ansicht, denn auch sie bezeichneten sie mit demselben Wort, das sie, je nachdem, ob es sich um den Abend oder den Morgen handelte, durch ein anderes Attribut erg\u00e4nzten. Diese Vermengung veranschaulicht sehr\u2026","rel":"","context":"In &quot;ecos da escrita&quot;","block_context":{"text":"ecos da escrita","link":"https:\/\/inskriptionen.de\/?cat=60"},"img":{"alt_text":"","src":"","width":0,"height":0},"classes":[]},{"id":2199,"url":"https:\/\/inskriptionen.de\/?p=2199","url_meta":{"origin":1554,"position":5},"title":"* * *","author":"J. W. Rosch","date":"22. Juni 2013","format":false,"excerpt":"Der Mensch ist ein Kuchen, Das Gedicht ist ein Kind. So viele Verse, und die Luft Zum Atmen Wird uns nun nach Jahrhunderten zugemessen 23. Mai Agenda 2010, vorbei. Danach Gedichte, nur noch den Atem, der aus Dem Herzen kommt. Mit dem Licht erwachen die V\u00f6gel, Wen vermag es da\u2026","rel":"","context":"In &quot;Realit\u00e4tsschatten&quot;","block_context":{"text":"Realit\u00e4tsschatten","link":"https:\/\/inskriptionen.de\/?cat=4"},"img":{"alt_text":"","src":"","width":0,"height":0},"classes":[]}],"jetpack_shortlink":"https:\/\/wp.me\/pcYSN4-p4","_links":{"self":[{"href":"https:\/\/inskriptionen.de\/index.php?rest_route=\/wp\/v2\/posts\/1554","targetHints":{"allow":["GET"]}}],"collection":[{"href":"https:\/\/inskriptionen.de\/index.php?rest_route=\/wp\/v2\/posts"}],"about":[{"href":"https:\/\/inskriptionen.de\/index.php?rest_route=\/wp\/v2\/types\/post"}],"author":[{"embeddable":true,"href":"https:\/\/inskriptionen.de\/index.php?rest_route=\/wp\/v2\/users\/92"}],"replies":[{"embeddable":true,"href":"https:\/\/inskriptionen.de\/index.php?rest_route=%2Fwp%2Fv2%2Fcomments&post=1554"}],"version-history":[{"count":0,"href":"https:\/\/inskriptionen.de\/index.php?rest_route=\/wp\/v2\/posts\/1554\/revisions"}],"wp:attachment":[{"href":"https:\/\/inskriptionen.de\/index.php?rest_route=%2Fwp%2Fv2%2Fmedia&parent=1554"}],"wp:term":[{"taxonomy":"category","embeddable":true,"href":"https:\/\/inskriptionen.de\/index.php?rest_route=%2Fwp%2Fv2%2Fcategories&post=1554"},{"taxonomy":"post_tag","embeddable":true,"href":"https:\/\/inskriptionen.de\/index.php?rest_route=%2Fwp%2Fv2%2Ftags&post=1554"}],"curies":[{"name":"wp","href":"https:\/\/api.w.org\/{rel}","templated":true}]}}