{"id":1553,"date":"2012-05-04T19:08:33","date_gmt":"2012-05-04T18:08:33","guid":{"rendered":"http:\/\/www.inskriptionen.de\/?p=1553"},"modified":"2012-06-21T21:01:21","modified_gmt":"2012-06-21T20:01:21","slug":"aus-%e2%80%9ebrackisch%e2%80%9c-2010","status":"publish","type":"post","link":"https:\/\/inskriptionen.de\/?p=1553","title":{"rendered":"[aus \u201ebrackisch\u201c, 2010]"},"content":{"rendered":"<p>Nein, wald war dort keiner,<\/p>\n<p>nur offenes gras- und buschland, ein fluss, alles war brackisch, und irgendwo ganz weit in der ferne das meer. Ich habe es mehr erahnt als wirklich gesehen und nur daran erkannt, dass ich pl\u00f6tzlich an dich denken musste, du liebst doch das meer so sehr.<\/p>\n<p>Und auf einmal wurde ich ruhig, ganz ruhig. Und dann habe ich meine lippen nach deinem namen bewegt und geh\u00f6rt, wie das meer rauscht, wie die wellen an den strand schlagen, und der wind deinen namen gegen das land tr\u00e4gt. Ich stand mit den f\u00fc\u00dfen im wasser, weit drau\u00dfen fuhr ein gro\u00dfes wei\u00dfes schiff, der horizont leuchtete. Und ich schmeckte die salzluft und die s\u00fc\u00dfe deiner haut und wieder die salzluft, und du hast etwas gesagt, aber das habe ich nicht verstanden, denn auf einmal war alles wieder brackisch, und der wald hat gerauscht, fast wie das meer.<\/p>\n","protected":false},"excerpt":{"rendered":"<p>Nein, wald war dort keiner, nur offenes gras- und buschland, ein fluss, alles war brackisch, und irgendwo ganz weit in der ferne das meer. Ich habe es mehr erahnt als wirklich gesehen und nur daran erkannt, dass ich pl\u00f6tzlich an dich denken musste, du liebst doch das meer so sehr. Und auf einmal wurde ich&#8230;<\/p>\n","protected":false},"author":92,"featured_media":0,"comment_status":"open","ping_status":"closed","sticky":false,"template":"","format":"standard","meta":{"advanced_seo_description":"","jetpack_seo_html_title":"","jetpack_seo_noindex":false,"jetpack_post_was_ever_published":false,"_jetpack_newsletter_access":"","_jetpack_dont_email_post_to_subs":false,"_jetpack_newsletter_tier_id":0,"_jetpack_memberships_contains_paywalled_content":false,"_jetpack_memberships_contains_paid_content":false,"footnotes":""},"categories":[5],"tags":[],"class_list":["post-1553","post","type-post","status-publish","format-standard","hentry","category-5"],"jetpack_featured_media_url":"","jetpack_sharing_enabled":true,"jetpack-related-posts":[{"id":9760,"url":"https:\/\/inskriptionen.de\/?p=9760","url_meta":{"origin":1553,"position":0},"title":"mecklenburg (gesang f\u00fcr ein polnisches fischgericht)","author":"Werner Weimar-Mazur","date":"20. Januar 2018","format":false,"excerpt":"vater spricht von h\u00e4userbauen auf der weide die stute galoppiert \u00fcber die stra\u00dfen zieht salzluft in bernsteinfarbenen fenstern spiegeln rosenbl\u00e4tter schneefalter einen krieg zwei kriege bist du fort gezogen und gestorben dein gummibaum erinnert noch deine schwestern sind alle tot deine br\u00fcder nur einer hat \u00fcberlebt ruhe kehrt ein in\u2026","rel":"","context":"In &quot;Erinnerungsbr\u00f6sel&quot;","block_context":{"text":"Erinnerungsbr\u00f6sel","link":"https:\/\/inskriptionen.de\/?cat=3"},"img":{"alt_text":"","src":"","width":0,"height":0},"classes":[]},{"id":959,"url":"https:\/\/inskriptionen.de\/?p=959","url_meta":{"origin":1553,"position":1},"title":"?????????? ?????? (Siwerskyj Donez)","author":"Werner Weimar-Mazur","date":"18. Mai 2011","format":false,"excerpt":"Ich binde mir eine lunge um und atme tief durch. Ich erz\u00e4hle Ewa von dem traum, den ich letzte nacht hatte und auch die n\u00e4chte davor. Wenn ich lange genug im bett wach liege, h\u00f6re ich, wie der zement im mauerwerk arbeitet. Es knackt, wie wenn du einen marienk\u00e4fer mit\u2026","rel":"","context":"In &quot;Trauersymmetrie&quot;","block_context":{"text":"Trauersymmetrie","link":"https:\/\/inskriptionen.de\/?cat=5"},"img":{"alt_text":"","src":"","width":0,"height":0},"classes":[]},{"id":4131,"url":"https:\/\/inskriptionen.de\/?p=4131","url_meta":{"origin":1553,"position":2},"title":"AUGUST","author":"Werner Weimar-Mazur","date":"26. Juni 2015","format":false,"excerpt":"grasnacht schneidet den himmel das gr\u00f6\u00dfere st\u00fcck geh\u00f6rt dir im ge\u00e4st vogelmenschen im gefieder stimmen die sprache hat die amsel verlassen singen jetzt im garten d\u00e4monen jeden tag lege ich futter aus und fallen die vogelmenschen beobachten mich um das haus schleichen leoparden late nite am abend das update vom\u2026","rel":"","context":"In &quot;Trauersymmetrie&quot;","block_context":{"text":"Trauersymmetrie","link":"https:\/\/inskriptionen.de\/?cat=5"},"img":{"alt_text":"","src":"","width":0,"height":0},"classes":[]},{"id":921,"url":"https:\/\/inskriptionen.de\/?p=921","url_meta":{"origin":1553,"position":3},"title":"steinkorallen, hornkorallen","author":"jonfri","date":"30. M\u00e4rz 2011","format":false,"excerpt":"auf kontaminierten segmenten wuchert rachitisch das polyptoton der polypen, augenh\u00e4ndige, nesself\u00fc\u00dfige fibrillenw\u00e4lder tentakel-tektonik, gestische verwachsungen um hohlw\u00fcchsige gastralr\u00e4ume, die wieder und wieder das wasser pfl\u00fcgen und l\u00f6chern, sich mit ihren saugm\u00fcndern schwarmleibern landw\u00e4rts entrollen. symbiontischer tauschtourismus im gro\u00dfstadtbasar der atolle \u2013 insul\u00e4re meer-akkorde, luftbildam\u00f6ben, saumselige interpunktionen im atlas der kartographen.","rel":"","context":"In &quot;Realit\u00e4tsschatten&quot;","block_context":{"text":"Realit\u00e4tsschatten","link":"https:\/\/inskriptionen.de\/?cat=4"},"img":{"alt_text":"","src":"","width":0,"height":0},"classes":[]},{"id":16059,"url":"https:\/\/inskriptionen.de\/?p=16059","url_meta":{"origin":1553,"position":4},"title":"Echo auf: Ilse Aichinger, F\u00fcr das Neue Jahr","author":"Markus","date":"20. Januar 2023","format":false,"excerpt":"Welcher Augenblick wird auch an einem weniger spektakul\u00e4ren als dem Silvestertag zuletzt oder kurz vor zuletzt kostbar gewesen sein? Wer wird die Schatten, die fallen, in solche verwandeln, die einem auf die Spr\u00fcnge helfen? Auch am Jahresanfang nehmen nur wenige ihre Entscheidungsm\u00f6glichkeiten wahr oder werden dazu ermutigt. Schatten aus dem\u2026","rel":"","context":"In &quot;ecos da escrita&quot;","block_context":{"text":"ecos da escrita","link":"https:\/\/inskriptionen.de\/?cat=60"},"img":{"alt_text":"","src":"","width":0,"height":0},"classes":[]},{"id":9224,"url":"https:\/\/inskriptionen.de\/?p=9224","url_meta":{"origin":1553,"position":5},"title":"isenheim (erster gesang)","author":"Werner Weimar-Mazur","date":"22. Oktober 2017","format":false,"excerpt":"wir richteten uns ein im bauch eines wales und hofften dass er uns wieder ausspeien w\u00fcrde nach seinen tauchg\u00e4ngen im marianengraben seinen fl\u00fcgen \u00fcber wellengebirge hieltest du licht in den h\u00e4nden antworteten dir stimmen und erinnerungen h\u00f6rten wir auf die n\u00e4chte zu z\u00e4hlen die jahre das ungl\u00fcck die landschnecken befuhren\u2026","rel":"","context":"In &quot;Erinnerungsbr\u00f6sel&quot;","block_context":{"text":"Erinnerungsbr\u00f6sel","link":"https:\/\/inskriptionen.de\/?cat=3"},"img":{"alt_text":"","src":"","width":0,"height":0},"classes":[]}],"jetpack_shortlink":"https:\/\/wp.me\/pcYSN4-p3","_links":{"self":[{"href":"https:\/\/inskriptionen.de\/index.php?rest_route=\/wp\/v2\/posts\/1553","targetHints":{"allow":["GET"]}}],"collection":[{"href":"https:\/\/inskriptionen.de\/index.php?rest_route=\/wp\/v2\/posts"}],"about":[{"href":"https:\/\/inskriptionen.de\/index.php?rest_route=\/wp\/v2\/types\/post"}],"author":[{"embeddable":true,"href":"https:\/\/inskriptionen.de\/index.php?rest_route=\/wp\/v2\/users\/92"}],"replies":[{"embeddable":true,"href":"https:\/\/inskriptionen.de\/index.php?rest_route=%2Fwp%2Fv2%2Fcomments&post=1553"}],"version-history":[{"count":0,"href":"https:\/\/inskriptionen.de\/index.php?rest_route=\/wp\/v2\/posts\/1553\/revisions"}],"wp:attachment":[{"href":"https:\/\/inskriptionen.de\/index.php?rest_route=%2Fwp%2Fv2%2Fmedia&parent=1553"}],"wp:term":[{"taxonomy":"category","embeddable":true,"href":"https:\/\/inskriptionen.de\/index.php?rest_route=%2Fwp%2Fv2%2Fcategories&post=1553"},{"taxonomy":"post_tag","embeddable":true,"href":"https:\/\/inskriptionen.de\/index.php?rest_route=%2Fwp%2Fv2%2Ftags&post=1553"}],"curies":[{"name":"wp","href":"https:\/\/api.w.org\/{rel}","templated":true}]}}