{"id":1510,"date":"2012-04-23T22:01:25","date_gmt":"2012-04-23T21:01:25","guid":{"rendered":"http:\/\/www.inskriptionen.de\/?p=1510"},"modified":"2012-04-23T22:03:35","modified_gmt":"2012-04-23T21:03:35","slug":"fruhling-nachts","status":"publish","type":"post","link":"https:\/\/inskriptionen.de\/?p=1510","title":{"rendered":"Fr\u00fchling, nachts"},"content":{"rendered":"<p><!--[if gte mso 9]&gt;        --><!--[if gte mso 9]&gt;     Normal   0         21         false   false   false      DE   X-NONE   X-NONE                                                                                             --><!--[if gte mso 9]&gt;                                                                                                                                                                                                                                                                                                                                                                                                                                --><!--[if gte mso 10]&gt;   \/* Style Definitions *\/  table.MsoNormalTable \t{mso-style-name:\"Normale Tabelle\"; \tmso-tstyle-rowband-size:0; \tmso-tstyle-colband-size:0; \tmso-style-noshow:yes; \tmso-style-priority:99; \tmso-style-parent:\"\"; \tmso-padding-alt:0cm 5.4pt 0cm 5.4pt; \tmso-para-margin-top:0cm; \tmso-para-margin-right:0cm; \tmso-para-margin-bottom:10.0pt; \tmso-para-margin-left:0cm; \tline-height:115%; \tmso-pagination:widow-orphan; \tfont-size:11.0pt; \tfont-family:\"Calibri\",\"sans-serif\"; \tmso-ascii-font-family:Calibri; \tmso-ascii-theme-font:minor-latin; \tmso-hansi-font-family:Calibri; \tmso-hansi-theme-font:minor-latin; \tmso-bidi-font-family:\"Times New Roman\"; \tmso-bidi-theme-font:minor-bidi; \tmso-fareast-language:EN-US;}  --><\/p>\n<p>Mitten in der Nacht erwachte ich und hatte das deutliche Gef\u00fchl, dass etwas nicht in Ordnung war. Vielleicht war es die Stille. Kein Auto war zu h\u00f6ren, kein Krakeelen von sp\u00e4ten Passanten, selbst das Licht der Stra\u00dfenlampen drang sp\u00e4rlicher als sonst durch die Vorh\u00e4nge. Ich starrte eine Weile ins Dunkel des Zimmers und versuchte zu verstehen, was mich geweckt haben k\u00f6nnte. Dann sah ich die Umrisse des Kissenbergs neben mir. Kein Atemger\u00e4usch. Asja war nicht im Zimmer. In der Wohnung herrschte vollkommene Stille.<br \/>\nIch stand auf und ging in die K\u00fcche. Alles war dunkel, nur der K\u00fchlschrank summte pl\u00f6tzlich. Auch im Badezimmer war niemand. Ich trank k\u00fchles Wasser aus dem Wasserhahn. Ich schaltete das Licht erst in der K\u00fcche und dann im Wohnzimmer an und wieder aus. Ich lauschte angestrengt in die schweigende Nacht. Nichts. Keine Asja, keine Nachricht.<br \/>\nAls ich die Balkont\u00fcr zum Markplatz hin \u00f6ffnete, begriff ich, was anders war. Drau\u00dfen herrschte dichter Nebel. Ich sah wei\u00dfe Schwaden aus meinem Mund aufsteigen und sich mit dem Nebel verbinden. Kaum konnte ich die Stra\u00dfenlaterne erkennen, die unweit der Balkonbr\u00fcstung eine orangegelbe Lichtwolke ins wallende Nichts sickern lie\u00df. In der Ferne heulte eine Sirene auf und verschwand wieder. Mich fr\u00f6stelte, ich schloss die Balkont\u00fcr.<br \/>\nAuf dem Weg ins Schlafzimmer fiel mir auf, dass Asjas Jacke nicht am Haken hing. Im ersten Moment wollte ich sofort drau\u00dfen nach ihr suchen. Vielleicht wollte sie sich die Beine vertreten, war vom Nebel \u00fcberrascht worden und hatte sich verlaufen. Aber ich konnte schlecht durch die Stra\u00dfen des schlafenden St\u00e4dtchens laufen und fortw\u00e4hrend ihren Namen rufen. Also legte ich mich wieder ins Bett und starrte auf das d\u00e4mmrige Licht hinter dem Vorhang.<br \/>\nDas n\u00e4chste Mal wurde ich wach, als sich neben mir etwas regte. Drau\u00dfen war es noch dunkel. Zwischen den Kissen h\u00f6rte ich Asja seufzen. \u201eAsja?\u201c fl\u00fcsterte ich. \u201eWo bist du gewesen?\u201c<br \/>\nAsja richtete sich auf. \u201eWas meinst du?\u201c fragte sie schlaftrunken. \u201eIch habe geschlafen wie ein Haufen Steine.\u201c Ich wusste nicht, was ich denken sollte. Asja murmelte etwas Unverst\u00e4ndliches und vergrub sich wieder in ihre Kissen.<br \/>\nIch tastete nach ihrer Hand. Sie war eiskalt.<\/p>\n<p><!--[if gte mso 9]&gt;     800x600   --><!--[if gte mso 9]&gt;     Normal   0         21         false   false   false      DE   X-NONE   X-NONE                                             MicrosoftInternetExplorer4                                                   --><!--[if gte mso 9]&gt;                                                                                                                                                                                                                                                                                                                                                                                                                                --><!--[if gte mso 10]&gt;   \/* Style Definitions *\/  table.MsoNormalTable \t{mso-style-name:\"Normale Tabelle\"; \tmso-tstyle-rowband-size:0; \tmso-tstyle-colband-size:0; \tmso-style-noshow:yes; \tmso-style-priority:99; \tmso-style-parent:\"\"; \tmso-padding-alt:0cm 5.4pt 0cm 5.4pt; \tmso-para-margin:0cm; \tmso-para-margin-bottom:.0001pt; \tmso-pagination:widow-orphan; \tfont-size:10.0pt; \tfont-family:\"Times New Roman\",\"serif\";}  --><\/p>\n<p><!--[if gte mso 9]&gt;     800x600   --><!--[if gte mso 9]&gt;     Normal   0         21         false   false   false      DE   X-NONE   X-NONE                                             MicrosoftInternetExplorer4                                                   --><!--[if gte mso 9]&gt;                                                                                                                                                                                                                                                                                                                                                                                                                                --><!--[if gte mso 10]&gt;   \/* Style Definitions *\/  table.MsoNormalTable \t{mso-style-name:\"Normale Tabelle\"; \tmso-tstyle-rowband-size:0; \tmso-tstyle-colband-size:0; \tmso-style-noshow:yes; \tmso-style-priority:99; \tmso-style-parent:\"\"; \tmso-padding-alt:0cm 5.4pt 0cm 5.4pt; \tmso-para-margin:0cm; \tmso-para-margin-bottom:.0001pt; \tmso-pagination:widow-orphan; \tfont-size:10.0pt; \tfont-family:\"Times New Roman\",\"serif\";}  --><\/p>\n","protected":false},"excerpt":{"rendered":"<p>Mitten in der Nacht erwachte ich und hatte das deutliche Gef\u00fchl, dass etwas nicht in Ordnung war. Vielleicht war es die Stille. Kein Auto war zu h\u00f6ren, kein Krakeelen von sp\u00e4ten Passanten, selbst das Licht der Stra\u00dfenlampen drang sp\u00e4rlicher als sonst durch die Vorh\u00e4nge. Ich starrte eine Weile ins Dunkel des Zimmers und versuchte zu&#8230;<\/p>\n","protected":false},"author":113,"featured_media":0,"comment_status":"open","ping_status":"closed","sticky":false,"template":"","format":"standard","meta":{"advanced_seo_description":"","jetpack_seo_html_title":"","jetpack_seo_noindex":false,"jetpack_post_was_ever_published":false,"_jetpack_newsletter_access":"","_jetpack_dont_email_post_to_subs":false,"_jetpack_newsletter_tier_id":0,"_jetpack_memberships_contains_paywalled_content":false,"_jetpack_memberships_contains_paid_content":false,"footnotes":""},"categories":[5],"tags":[],"class_list":["post-1510","post","type-post","status-publish","format-standard","hentry","category-5"],"jetpack_featured_media_url":"","jetpack_sharing_enabled":true,"jetpack-related-posts":[{"id":379,"url":"https:\/\/inskriptionen.de\/?p=379","url_meta":{"origin":1510,"position":0},"title":"Schweinegeometrie [4, 2, 1]","author":"Zhenja","date":"9. Dezember 2008","format":false,"excerpt":"Am Anfang war der Kot, jene Eigent\u00fcmlichkeit der k\u00f6rperlichen Verfassung eines revierbildenden Gattungswesens, die dieses in die Lage versetzte, aus der Gesamtwahrnehmung eines Hier und Jetzt die ungemein gef\u00e4hrdenden Momente herauszul\u00f6sen, den Umstand n\u00e4mlich, dass in jenem Teil der Welt bereits ein Lebewesen, dessen k\u00f6rperliche Ausstattung der eigenen um keine\u2026","rel":"","context":"In &quot;Trauersymmetrie&quot;","block_context":{"text":"Trauersymmetrie","link":"https:\/\/inskriptionen.de\/?cat=5"},"img":{"alt_text":"","src":"","width":0,"height":0},"classes":[]},{"id":694,"url":"https:\/\/inskriptionen.de\/?p=694","url_meta":{"origin":1510,"position":1},"title":"Erhaltung von mehr und weniger [3, 2]","author":"Zhenja","date":"2. April 2010","format":false,"excerpt":"Der K\u00fchlschrank wurde immer leerer. Wir hatten uns darauf verst\u00e4ndigt, entgegen den Gewohnheiten des planenden Geistes der Freiheit keinerlei Fesseln anzulegen: Wer Hunger h\u00e4tte, sollte irgendetwas mitbringen. Immerhin gab es ja hier einen Herd, und die von Tag zu Tag st\u00e4rker werdende Sonne kitzelte schon geh\u00f6rig an den Nervenenden. Ob\u2026","rel":"","context":"In &quot;Trauersymmetrie&quot;","block_context":{"text":"Trauersymmetrie","link":"https:\/\/inskriptionen.de\/?cat=5"},"img":{"alt_text":"","src":"","width":0,"height":0},"classes":[]},{"id":16087,"url":"https:\/\/inskriptionen.de\/?p=16087","url_meta":{"origin":1510,"position":2},"title":"Frage an den Fr\u00fchling","author":"MStark","date":"1. M\u00e4rz 2023","format":false,"excerpt":"Das Fr\u00fchjahr kommt,Es wird mal wieder M\u00e4rz.Die Welt steht Kopf,Es fehlt an Hirn und Herz. Ich seh mich um und merkeEs ist noch immer Krieg.Tagt\u00e4glich wird geschossen,Sie sprechen schon von Sieg. Vonn\u00f6ten sind nicht Waffen,Es braucht viel mehr Verstand.Wir m\u00f6chten friedlich leben,Ohne Gewehre in der Hand. Menschen wollen Frieden,Verdient wird\u2026","rel":"","context":"In &quot;(2) Panphobie&quot;","block_context":{"text":"(2) Panphobie","link":"https:\/\/inskriptionen.de\/?cat=59"},"img":{"alt_text":"","src":"","width":0,"height":0},"classes":[]},{"id":12049,"url":"https:\/\/inskriptionen.de\/?p=12049","url_meta":{"origin":1510,"position":3},"title":"\u201e\u2026 verse n\u00e4her an sich heranlassen \u2026\u201c","author":"Werner Weimar-Mazur","date":"7. Februar 2020","format":false,"excerpt":"f\u00fcr Christoph Meckel (* 12. Juni 1935, \u2020 29. Januar 2020)\u00a0 wir halten die wasser an den wind wir halten den schnee an wir unterbrechen die blutspur des pumas in den bergen wir folgen dem formationsflug der kraniche auf der gekr\u00e4uselten wasseroberfl\u00e4che eines fremden meeres wir lauschen dem surren eines\u2026","rel":"","context":"In &quot;Trauersymmetrie&quot;","block_context":{"text":"Trauersymmetrie","link":"https:\/\/inskriptionen.de\/?cat=5"},"img":{"alt_text":"","src":"","width":0,"height":0},"classes":[]},{"id":12823,"url":"https:\/\/inskriptionen.de\/?p=12823","url_meta":{"origin":1510,"position":4},"title":"eisgrau","author":"Christa Issinger","date":"18. Mai 2020","format":false,"excerpt":"f\u00e4chelt der atem aus dem mund fiebert die nacht nach unverbrauchten worten vor das fensterbrett habe ich ein sehnsuchtsnest gelegt aus der stimme des letzten fr\u00fchlings forme ich mir eine zeit f\u00fcr danach","rel":"","context":"In &quot;Wortmysterien&quot;","block_context":{"text":"Wortmysterien","link":"https:\/\/inskriptionen.de\/?cat=6"},"img":{"alt_text":"","src":"","width":0,"height":0},"classes":[]},{"id":13140,"url":"https:\/\/inskriptionen.de\/?p=13140","url_meta":{"origin":1510,"position":5},"title":"Im Schnee wird meine Stimme blau","author":"Sigune","date":"20. September 2020","format":false,"excerpt":"An meinen Versen h\u00e4ngt noch Nacht. Bei der Kaimauer rufen die M\u00f6wen nicht mehr, und Schiffe fahren zu keinen Ufern. Worte graben sich in Sohlen und Ackerfurchen. Ob sie \u00fcber mich hinauswachsen im Fr\u00fchling zwischen gestrandeten Gedanken und morschen Planken \u2013 Du legst mir Meer vor die F\u00fc\u00dfe, doch jeder\u2026","rel":"","context":"In &quot;Realit\u00e4tsschatten&quot;","block_context":{"text":"Realit\u00e4tsschatten","link":"https:\/\/inskriptionen.de\/?cat=4"},"img":{"alt_text":"","src":"","width":0,"height":0},"classes":[]}],"jetpack_shortlink":"https:\/\/wp.me\/pcYSN4-om","_links":{"self":[{"href":"https:\/\/inskriptionen.de\/index.php?rest_route=\/wp\/v2\/posts\/1510","targetHints":{"allow":["GET"]}}],"collection":[{"href":"https:\/\/inskriptionen.de\/index.php?rest_route=\/wp\/v2\/posts"}],"about":[{"href":"https:\/\/inskriptionen.de\/index.php?rest_route=\/wp\/v2\/types\/post"}],"author":[{"embeddable":true,"href":"https:\/\/inskriptionen.de\/index.php?rest_route=\/wp\/v2\/users\/113"}],"replies":[{"embeddable":true,"href":"https:\/\/inskriptionen.de\/index.php?rest_route=%2Fwp%2Fv2%2Fcomments&post=1510"}],"version-history":[{"count":0,"href":"https:\/\/inskriptionen.de\/index.php?rest_route=\/wp\/v2\/posts\/1510\/revisions"}],"wp:attachment":[{"href":"https:\/\/inskriptionen.de\/index.php?rest_route=%2Fwp%2Fv2%2Fmedia&parent=1510"}],"wp:term":[{"taxonomy":"category","embeddable":true,"href":"https:\/\/inskriptionen.de\/index.php?rest_route=%2Fwp%2Fv2%2Fcategories&post=1510"},{"taxonomy":"post_tag","embeddable":true,"href":"https:\/\/inskriptionen.de\/index.php?rest_route=%2Fwp%2Fv2%2Ftags&post=1510"}],"curies":[{"name":"wp","href":"https:\/\/api.w.org\/{rel}","templated":true}]}}