{"id":1445,"date":"2012-03-23T17:10:36","date_gmt":"2012-03-23T16:10:36","guid":{"rendered":"http:\/\/www.inskriptionen.de\/?p=1445"},"modified":"2012-03-23T17:11:33","modified_gmt":"2012-03-23T16:11:33","slug":"laut-lachen","status":"publish","type":"post","link":"https:\/\/inskriptionen.de\/?p=1445","title":{"rendered":"laut lachen"},"content":{"rendered":"<p><!--[if gte mso 9]&gt;        --><!--[if gte mso 9]&gt;     Normal   0         21         false   false   false      DE   X-NONE   X-NONE                                                                                             --><!--[if gte mso 9]&gt;                                                                                                                                                                                                                                                                                                                                                                                                                                --><!--[if gte mso 10]&gt;   \/* Style Definitions *\/  table.MsoNormalTable \t{mso-style-name:\"Normale Tabelle\"; \tmso-tstyle-rowband-size:0; \tmso-tstyle-colband-size:0; \tmso-style-noshow:yes; \tmso-style-priority:99; \tmso-style-parent:\"\"; \tmso-padding-alt:0cm 5.4pt 0cm 5.4pt; \tmso-para-margin-top:0cm; \tmso-para-margin-right:0cm; \tmso-para-margin-bottom:10.0pt; \tmso-para-margin-left:0cm; \tline-height:115%; \tmso-pagination:widow-orphan; \tfont-size:11.0pt; \tfont-family:\"Calibri\",\"sans-serif\"; \tmso-ascii-font-family:Calibri; \tmso-ascii-theme-font:minor-latin; \tmso-hansi-font-family:Calibri; \tmso-hansi-theme-font:minor-latin; \tmso-bidi-font-family:\"Times New Roman\"; \tmso-bidi-theme-font:minor-bidi; \tmso-fareast-language:EN-US;}  --><\/p>\n<p>den geist gest\u00f6rt<br \/>\nden atem getanzt<br \/>\ndie abf\u00e4lligkeiten des alltags<br \/>\nmunter verputzt<\/p>\n<p>der eine liegt im gras<br \/>\nund tr\u00e4umt vom mond<br \/>\nder andre wohnt im mond<br \/>\nund tr\u00e4umt vom gras<\/p>\n<p>der eine h\u00f6rt den takt<br \/>\nder andere macht sich darauf<br \/>\neinen reim<\/p>\n<p>unh\u00f6rbar<\/p>\n","protected":false},"excerpt":{"rendered":"<p>den geist gest\u00f6rt den atem getanzt die abf\u00e4lligkeiten des alltags munter verputzt der eine liegt im gras und tr\u00e4umt vom mond der andre wohnt im mond und tr\u00e4umt vom gras der eine h\u00f6rt den takt der andere macht sich darauf einen reim unh\u00f6rbar<\/p>\n","protected":false},"author":113,"featured_media":0,"comment_status":"open","ping_status":"closed","sticky":false,"template":"","format":"standard","meta":{"advanced_seo_description":"","jetpack_seo_html_title":"","jetpack_seo_noindex":false,"jetpack_post_was_ever_published":false,"_jetpack_newsletter_access":"","_jetpack_dont_email_post_to_subs":false,"_jetpack_newsletter_tier_id":0,"_jetpack_memberships_contains_paywalled_content":false,"_jetpack_memberships_contains_paid_content":false,"footnotes":""},"categories":[4],"tags":[],"class_list":["post-1445","post","type-post","status-publish","format-standard","hentry","category-4"],"jetpack_featured_media_url":"","jetpack_sharing_enabled":true,"jetpack-related-posts":[{"id":1762,"url":"https:\/\/inskriptionen.de\/?p=1762","url_meta":{"origin":1445,"position":0},"title":"Unsere hum. Bildung: Das Figurenlexikon 2","author":"frau kleist","date":"12. September 2012","format":false,"excerpt":"Der Zauberberg von Thomas Mann Heute: Der junge Mann, der zu guter Letzt eine \"scheu\u00dfliche Szene\" machte und \"absolut nicht sterben wollte\". - \u00a0Hans Castorps Vetter Joachim bezeichnet so ein Verhalten als \"unverzeihliche Schlappheit\" - \u00a0Laut Joachim wei\u00df Hofrat Behrens mit solchen F\u00e4llen umzugehen: \"Stellen Sie sich nicht so\u00a0an\", sagt\u2026","rel":"","context":"In &quot;Realit\u00e4tsschatten&quot;","block_context":{"text":"Realit\u00e4tsschatten","link":"https:\/\/inskriptionen.de\/?cat=4"},"img":{"alt_text":"","src":"","width":0,"height":0},"classes":[]},{"id":14131,"url":"https:\/\/inskriptionen.de\/?p=14131","url_meta":{"origin":1445,"position":1},"title":"Wie Preu\u00dfen die Mongolei eroberte","author":"Kraba vel Jop","date":"3. Juni 2021","format":false,"excerpt":"Schade, dass W\u00f6rter \u00e4lter werden. Dabei werden sie nicht sch\u00f6ner; Der Sektionsvorsitzende zum Rapport beim Innenminister. Schriftzeichen. Sie haben schon welche, und leider viel bessere als wir. Aber das mache nichts. Tabak- und Alkoholsteuer noch unbekannt, seien sie f\u00fcr Fortschritt noch so offen wie ein Scheunentor. Wie es einstmals der\u2026","rel":"","context":"In &quot;Realit\u00e4tsschatten&quot;","block_context":{"text":"Realit\u00e4tsschatten","link":"https:\/\/inskriptionen.de\/?cat=4"},"img":{"alt_text":"","src":"","width":0,"height":0},"classes":[]},{"id":1179,"url":"https:\/\/inskriptionen.de\/?p=1179","url_meta":{"origin":1445,"position":2},"title":"\u00dcberlebenshilfe","author":"Niko","date":"30. Dezember 2011","format":false,"excerpt":"Bitte bis gleich ob ich weinen kann verbittert vergessen au\u00dfer tr\u00e4nen angesichts ob ich lachen kann angesichts der kommenden katastrophen bleibt nichts :h\u00f6hnische tr\u00e4nen bitter vor lachen ob ich lieben kann ja aber nur mit dem geschmack deiner tr\u00e4nen der bleibt wie dein lachen :und f\u00fcr immer und immer wie\u2026","rel":"","context":"In &quot;Realit\u00e4tsschatten&quot;","block_context":{"text":"Realit\u00e4tsschatten","link":"https:\/\/inskriptionen.de\/?cat=4"},"img":{"alt_text":"","src":"","width":0,"height":0},"classes":[]},{"id":1733,"url":"https:\/\/inskriptionen.de\/?p=1733","url_meta":{"origin":1445,"position":3},"title":"mein gesicht.","author":"van hengel","date":"22. August 2012","format":false,"excerpt":"o.k. ich bin fett ... ich bin widerlich ... ich stinke aus dem mund ... habe dauernd fettige haare dazu grau ... sie h\u00e4ngen zum teil lose und zutiefst beobachtet auf meiner schulter: hemd, shirt, pullover ... ich ufre aus vor weizensaft ... vor humorlosigkeit ... aber ich lache am\u2026","rel":"","context":"In &quot;Realit\u00e4tsschatten&quot;","block_context":{"text":"Realit\u00e4tsschatten","link":"https:\/\/inskriptionen.de\/?cat=4"},"img":{"alt_text":"","src":"","width":0,"height":0},"classes":[]},{"id":1512,"url":"https:\/\/inskriptionen.de\/?p=1512","url_meta":{"origin":1445,"position":4},"title":"Lachsfarbene Pissnelke.","author":"van hengel","date":"25. April 2012","format":false,"excerpt":"Schrie ich oder h\u00f6rte sich das alles nach einem falschen Inneren an. Meine Sorge geh\u00f6rt seit Tagen der lachsfarbenen Pissnelke, von der ich dir schon mal erz\u00e4hlt habe. Sasst du da nicht sogar im Streifenanzug wie ein Streifenanzug vor mir und wolltest mir so was wie gute Laune verkaufen und\u2026","rel":"","context":"In &quot;Realit\u00e4tsschatten&quot;","block_context":{"text":"Realit\u00e4tsschatten","link":"https:\/\/inskriptionen.de\/?cat=4"},"img":{"alt_text":"","src":"","width":0,"height":0},"classes":[]},{"id":220,"url":"https:\/\/inskriptionen.de\/?p=220","url_meta":{"origin":1445,"position":5},"title":"Grundierung : beflecktes Gel\u00e4nde","author":"Alberto Cahier","date":"7. Juli 2008","format":false,"excerpt":"In Berlin \u00fcberlebst du dank deiner Gleichg\u00fcltigkeit die Museumsw\u00e4chter : ausstaffiert mit pr\u00e4chtigen Schnurrb\u00e4rten : weisen dich aufs Absurde hin sch\u00fctz deine Gesundheit : indem du vermeidest \u00a0 dich anzulehnen : dich hinzusetzen : zu atmen die F\u00fc\u00dfe zu l\u00fcften : du k\u00f6nntest dir eine Infektion einfangen : Berliner Marmor\u2026","rel":"","context":"In &quot;Realit\u00e4tsschatten&quot;","block_context":{"text":"Realit\u00e4tsschatten","link":"https:\/\/inskriptionen.de\/?cat=4"},"img":{"alt_text":"","src":"","width":0,"height":0},"classes":[]}],"jetpack_shortlink":"https:\/\/wp.me\/pcYSN4-nj","_links":{"self":[{"href":"https:\/\/inskriptionen.de\/index.php?rest_route=\/wp\/v2\/posts\/1445","targetHints":{"allow":["GET"]}}],"collection":[{"href":"https:\/\/inskriptionen.de\/index.php?rest_route=\/wp\/v2\/posts"}],"about":[{"href":"https:\/\/inskriptionen.de\/index.php?rest_route=\/wp\/v2\/types\/post"}],"author":[{"embeddable":true,"href":"https:\/\/inskriptionen.de\/index.php?rest_route=\/wp\/v2\/users\/113"}],"replies":[{"embeddable":true,"href":"https:\/\/inskriptionen.de\/index.php?rest_route=%2Fwp%2Fv2%2Fcomments&post=1445"}],"version-history":[{"count":0,"href":"https:\/\/inskriptionen.de\/index.php?rest_route=\/wp\/v2\/posts\/1445\/revisions"}],"wp:attachment":[{"href":"https:\/\/inskriptionen.de\/index.php?rest_route=%2Fwp%2Fv2%2Fmedia&parent=1445"}],"wp:term":[{"taxonomy":"category","embeddable":true,"href":"https:\/\/inskriptionen.de\/index.php?rest_route=%2Fwp%2Fv2%2Fcategories&post=1445"},{"taxonomy":"post_tag","embeddable":true,"href":"https:\/\/inskriptionen.de\/index.php?rest_route=%2Fwp%2Fv2%2Ftags&post=1445"}],"curies":[{"name":"wp","href":"https:\/\/api.w.org\/{rel}","templated":true}]}}