{"id":14065,"date":"2021-05-15T14:25:24","date_gmt":"2021-05-15T13:25:24","guid":{"rendered":"https:\/\/inskriptionen.de\/?p=14065"},"modified":"2021-05-15T14:25:24","modified_gmt":"2021-05-15T13:25:24","slug":"haare-im-wind","status":"publish","type":"post","link":"https:\/\/inskriptionen.de\/?p=14065","title":{"rendered":"haare im wind"},"content":{"rendered":"\n<p class=\"wp-block-paragraph\">an den meisten tagen<br \/>war die kindheit verwaschen<br \/>die farben verloren sich<br \/>auf dem heimweg<br \/>ein blasses kind<br \/>l\u00fcgt sich geschichten<br \/>an die wand<br \/>sagen sie<br \/>manchmal pochen<br \/>die worte im kopf<br \/>auf gut passt mut<br \/>auf brot passt not<br \/>mutter tr\u00e4gt eine karierte sch\u00fcrze<br \/>darauf reimt sich nichts<br \/><br \/>nachts schleichen<br \/>vanilletr\u00e4ume ums haus<br \/>sprachfetzen aus zimt<br \/>und wei\u00dfer schokolade<br \/>t\u00fcrmen gedankenberge<br \/>ein freches kind<br \/>sagen sie<br \/>immer das letzte wort<br \/>ungereimtes schon im stammbaum<br \/>haare im wind<br \/>ein verwittertes kind<\/p>\n","protected":false},"excerpt":{"rendered":"<p>an den meisten tagenwar die kindheit verwaschendie farben verloren sichauf dem heimwegein blasses kindl\u00fcgt sich geschichtenan die wandsagen siemanchmal pochendie worte im kopfauf gut passt mutauf brot passt notmutter tr\u00e4gt eine karierte sch\u00fcrzedarauf reimt sich nichts nachts schleichenvanilletr\u00e4ume ums haussprachfetzen aus zimtund wei\u00dfer schokoladet\u00fcrmen gedankenbergeein freches kindsagen sieimmer das letzte wortungereimtes schon im stammbaumhaare im&#8230;<\/p>\n","protected":false},"author":601,"featured_media":0,"comment_status":"open","ping_status":"open","sticky":false,"template":"","format":"standard","meta":{"advanced_seo_description":"","jetpack_seo_html_title":"","jetpack_seo_noindex":false,"jetpack_seo_schema_type":"","_jetpack_newsletter_access":"","_jetpack_dont_email_post_to_subs":false,"_jetpack_newsletter_tier_id":0,"_jetpack_memberships_contains_paywalled_content":false,"_jetpack_feature_clip_id":0,"_jetpack_memberships_contains_paid_content":false,"footnotes":"","jetpack_post_was_ever_published":false},"categories":[3],"tags":[],"class_list":["post-14065","post","type-post","status-publish","format-standard","hentry","category-3"],"jetpack_sharing_enabled":true,"jetpack-related-posts":[{"id":1170,"url":"https:\/\/inskriptionen.de\/?p=1170","url_meta":{"origin":14065,"position":0},"title":"DuZen","author":"soundroom","date":"21. Dezember 2011","format":false,"excerpt":"Diese Momente sind bekannt: vor Scham erstarren, geflissentlich wegsehen, eifrig etwas Unsinniges tun, verst\u00e4ndnisvoll l\u00e4cheln, diskret wegh\u00f6ren.\u00a0Jedoch aufstehen und ohne ein Wort den Raum verlassen, das verbietet dann doch die gute Kinderstube. Hier in Bloggers Anonymit\u00e4t k\u00f6nnen wir diese getrost zusammenfalten und in die Hosentasche stecken. Folgendes: Ich sa\u00df mit\u2026","rel":"","context":"In &quot;Gem\u00fctstiefe&quot;","block_context":{"text":"Gem\u00fctstiefe","link":"https:\/\/inskriptionen.de\/?cat=9"},"img":{"alt_text":"","src":"","width":0,"height":0},"classes":[]},{"id":1944,"url":"https:\/\/inskriptionen.de\/?p=1944","url_meta":{"origin":14065,"position":1},"title":"Intensivstation","author":"evawal","date":"24. Dezember 2012","format":false,"excerpt":"\u00a0Ich sehe meinen Atem als beschrifteten Luftballon davoneilen, \u00fcber den Gang hasten, hin- und herrollen, zur Ruhe kommen mit dem Nabel am Boden. \u00a0 Ein unruhiger Wind geht auf Reisen. Geisterklang mit Licht. \u00a0 Der Wind ist eifrig; bl\u00e4st durch die Flure des Krankenhauses und r\u00fcttelt an allem, was er\u2026","rel":"","context":"In &quot;Trauersymmetrie&quot;","block_context":{"text":"Trauersymmetrie","link":"https:\/\/inskriptionen.de\/?cat=5"},"img":{"alt_text":"","src":"","width":0,"height":0},"classes":[]},{"id":1654,"url":"https:\/\/inskriptionen.de\/?p=1654","url_meta":{"origin":14065,"position":2},"title":"Sommerfest, fr\u00fcher","author":"soundroom","date":"30. Juni 2012","format":false,"excerpt":"Ach Kind, wat ham wia fr\u00fcha imma jefeiert! , sagt Omma:\u00a0Die Buttakrem Tage vorher jeschlagen, Fenster jeputzt, Lockenwickler in die Haare, R\u00f6cke jek\u00fcrzt. Und jewartet aufm Liebsten! Und wenn der nich kam, der Liebste, dann war dat Jepl\u00e4rre gro\u00df. Aba Mutta sachte: \"Wer nich zur Sonnenwend kommt, der iset nich\u2026","rel":"","context":"In &quot;Gem\u00fctstiefe&quot;","block_context":{"text":"Gem\u00fctstiefe","link":"https:\/\/inskriptionen.de\/?cat=9"},"img":{"alt_text":"","src":"","width":0,"height":0},"classes":[]},{"id":5429,"url":"https:\/\/inskriptionen.de\/?p=5429","url_meta":{"origin":14065,"position":3},"title":"Pan und Panik","author":"Dieter Wal","date":"13. Juli 2016","format":false,"excerpt":"Gott bleibt im Geheimnis. Und wenn er einmal aus dem Geheimnis hervortritt, tritt er kurz darauf wieder hinein. \u00a0 Er packte seinen Knotenstock fester und schritt aus. Die Sonne war sehr hei\u00df. Jeder Schritt von ihm wirbelte eine Staubwolke auf, so dass man ihn schon von Weitem an der l\u00e4nglichen\u2026","rel":"","context":"In &quot;Realit\u00e4tsschatten&quot;","block_context":{"text":"Realit\u00e4tsschatten","link":"https:\/\/inskriptionen.de\/?cat=4"},"img":{"alt_text":"","src":"","width":0,"height":0},"classes":[]},{"id":14448,"url":"https:\/\/inskriptionen.de\/?p=14448","url_meta":{"origin":14065,"position":4},"title":"Die Prostata von Berlin","author":"crysantheme","date":"29. Oktober 2021","format":false,"excerpt":"\u201eDamals, da hatt ich es so schlimm im Gesicht, da musst ich Cortison nehmen.\u201c Sie hatten mich in diese Haut gesteckt. Aus der anderen Ecke des Zimmers kam ein schabendes Ger\u00e4usch. Sie drehte sich herum. der Dreispitz stand ihr gut. Wie eine Flut von rotem Haar breitete sich die Decke\u2026","rel":"","context":"In &quot;Realit\u00e4tsschatten&quot;","block_context":{"text":"Realit\u00e4tsschatten","link":"https:\/\/inskriptionen.de\/?cat=4"},"img":{"alt_text":"","src":"","width":0,"height":0},"classes":[]},{"id":4905,"url":"https:\/\/inskriptionen.de\/?p=4905","url_meta":{"origin":14065,"position":5},"title":"Weitere Geschichten vom Vater","author":"soundroom","date":"26. April 2016","format":false,"excerpt":"Teil II Seine\u00a0letzten S\u00e4tze \u00a0begleiten mich seit dem Tag im Fr\u00fchling, an dem ich Vater zum Mittagessen holen sollte. Ich st\u00fcrmte in das Schlafzimmer hinein und rutschte auf dem Hosenboden zu der bleichen Gestalt, die am Bettrand sa\u00df und mit entr\u00fccktem Blick auf das Blut starrte, das pumpend aus seinem\u2026","rel":"","context":"In &quot;Gem\u00fctstiefe&quot;","block_context":{"text":"Gem\u00fctstiefe","link":"https:\/\/inskriptionen.de\/?cat=9"},"img":{"alt_text":"","src":"","width":0,"height":0},"classes":[]}],"jetpack_shortlink":"https:\/\/wp.me\/pcYSN4-3ER","jetpack_featured_media_url":"","_links":{"self":[{"href":"https:\/\/inskriptionen.de\/index.php?rest_route=\/wp\/v2\/posts\/14065","targetHints":{"allow":["GET"]}}],"collection":[{"href":"https:\/\/inskriptionen.de\/index.php?rest_route=\/wp\/v2\/posts"}],"about":[{"href":"https:\/\/inskriptionen.de\/index.php?rest_route=\/wp\/v2\/types\/post"}],"author":[{"embeddable":true,"href":"https:\/\/inskriptionen.de\/index.php?rest_route=\/wp\/v2\/users\/601"}],"replies":[{"embeddable":true,"href":"https:\/\/inskriptionen.de\/index.php?rest_route=%2Fwp%2Fv2%2Fcomments&post=14065"}],"version-history":[{"count":2,"href":"https:\/\/inskriptionen.de\/index.php?rest_route=\/wp\/v2\/posts\/14065\/revisions"}],"predecessor-version":[{"id":14069,"href":"https:\/\/inskriptionen.de\/index.php?rest_route=\/wp\/v2\/posts\/14065\/revisions\/14069"}],"wp:attachment":[{"href":"https:\/\/inskriptionen.de\/index.php?rest_route=%2Fwp%2Fv2%2Fmedia&parent=14065"}],"wp:term":[{"taxonomy":"category","embeddable":true,"href":"https:\/\/inskriptionen.de\/index.php?rest_route=%2Fwp%2Fv2%2Fcategories&post=14065"},{"taxonomy":"post_tag","embeddable":true,"href":"https:\/\/inskriptionen.de\/index.php?rest_route=%2Fwp%2Fv2%2Ftags&post=14065"}],"curies":[{"name":"wp","href":"https:\/\/api.w.org\/{rel}","templated":true}]}}