{"id":1371,"date":"2012-03-03T10:44:38","date_gmt":"2012-03-03T09:44:38","guid":{"rendered":"http:\/\/www.inskriptionen.de\/?p=1371"},"modified":"2012-04-29T15:11:56","modified_gmt":"2012-04-29T14:11:56","slug":"germanisten-uber-40","status":"publish","type":"post","link":"https:\/\/inskriptionen.de\/?p=1371","title":{"rendered":"Germanisten \u00fcber 40"},"content":{"rendered":"<p>altehrw\u00fcrdig, im kleinen schwarzen, k\u00f6nnen sie fliegen wie raben, besitzen deren schlauheit, n\u00fcsse mittels werkzeugen zu knacken, sammeln sich an versammlungsorten im geruch geruchloser kultureller erbauung. manche klagen \u00fcber alltagssorgen, kinder und ehepartner daheim. andere leben vom schreiben, ohne dass ihr lohnstreifen lachs an kaviar erlauben w\u00fcrde. manchmal geht&#8217;s zur kur in die remise. denn auch germanisten lieben und pflegen sie heimlich, die twitteratur. und die kann s\u00fcchtig machen. statistisch gesehen, leidet jeder zweite akademiker in der bundesrepublik an irgend einer form der sucht. das kann von zucker \u00fcber alkohol und zigaretten bis hin zur denksucht reichen. auf jeden fall jedoch ist sie behandlungsbed\u00fcrftig.<\/p>\n","protected":false},"excerpt":{"rendered":"<p>altehrw\u00fcrdig, im kleinen schwarzen, k\u00f6nnen sie fliegen wie raben, besitzen deren schlauheit, n\u00fcsse mittels werkzeugen zu knacken, sammeln sich an versammlungsorten im geruch geruchloser kultureller erbauung. manche klagen \u00fcber alltagssorgen, kinder und ehepartner daheim. andere leben vom schreiben, ohne dass ihr lohnstreifen lachs an kaviar erlauben w\u00fcrde. manchmal geht&#8217;s zur kur in die remise. denn&#8230;<\/p>\n","protected":false},"author":104,"featured_media":0,"comment_status":"open","ping_status":"closed","sticky":false,"template":"","format":"standard","meta":{"advanced_seo_description":"","jetpack_seo_html_title":"","jetpack_seo_noindex":false,"jetpack_post_was_ever_published":false,"_jetpack_newsletter_access":"","_jetpack_dont_email_post_to_subs":false,"_jetpack_newsletter_tier_id":0,"_jetpack_memberships_contains_paywalled_content":false,"_jetpack_memberships_contains_paid_content":false,"footnotes":""},"categories":[3],"tags":[],"class_list":["post-1371","post","type-post","status-publish","format-standard","hentry","category-3"],"jetpack_featured_media_url":"","jetpack_sharing_enabled":true,"jetpack-related-posts":[{"id":11416,"url":"https:\/\/inskriptionen.de\/?p=11416","url_meta":{"origin":1371,"position":0},"title":"Clemens Brentano F\u00f6rderpreis","author":"Inskriptionen-Hausmeister","date":"5. August 2019","format":false,"excerpt":"Die Stadt Heidelberg schreibt in Zusammenarbeit mit dem Germanistischen Seminar der Universit\u00e4t Heidelberg auch in diesem Jahr wieder den mit 10.000.- Euro dotierten Clemens Brentano F\u00f6rderpreis f\u00fcr Literatur aus. Er wird 2020 in der Sparte \u201eLyrik\u201c vergeben.\u00a0 Pr\u00e4miert werden Autorinnen und Autoren, die bisher nicht mehr als zwei literarische Publikationenin\u2026","rel":"","context":"In &quot;Realit\u00e4tsschatten&quot;","block_context":{"text":"Realit\u00e4tsschatten","link":"https:\/\/inskriptionen.de\/?cat=4"},"img":{"alt_text":"","src":"","width":0,"height":0},"classes":[]},{"id":368,"url":"https:\/\/inskriptionen.de\/?p=368","url_meta":{"origin":1371,"position":1},"title":"Fasten in der Vorweihnachtszeit","author":"gb","date":"4. November 2017","format":false,"excerpt":"Mc Geiz war die Avantgarde der Saison. Zwischen B\u00fcgelst\u00e4rke, Kochw\u00e4sche, Scheibengardinchen, Plastikrosen, Chefhasser-Kaffeetassen, Persipan mit extra viel S\u00fc\u00dfstoff, Barbiepuppen und Frauenarzt Dr. M\u00fchsal entdeckte ich eine Paperbackausgabe mit der Photographie echter, malvefarbener Tulpen auf einem gr\u00fcnem Umschlag. Der darin enthaltene Text, so verhie\u00df die Titelaufschrift, war das Meisterwerk der literarischen\u2026","rel":"","context":"In &quot;(3) Rezensionen&quot;","block_context":{"text":"(3) Rezensionen","link":"https:\/\/inskriptionen.de\/?cat=21"},"img":{"alt_text":"","src":"","width":0,"height":0},"classes":[]},{"id":17143,"url":"https:\/\/inskriptionen.de\/?p=17143","url_meta":{"origin":1371,"position":2},"title":"Zweites Semester","author":"Markus","date":"26. Juli 2025","format":false,"excerpt":"Ein Tag im Fr\u00fchsommer 1984. Der junge Mann, beinahe ein Junge noch, kein Zivildienstleistender mehr, eben am Beginn des 2. Semesters, sitzt im Garten der Eltern und der Gro\u00dfmutter und liest Peter Handke, \u201eWunschloses Ungl\u00fcck\u201c, f\u00fcr eine Vorlesung mit dem Titel \u201eWestdeutscher Roman nach 1945\u201c. Er versteht nicht, was er\u2026","rel":"","context":"In &quot;(1) belle et triste&quot;","block_context":{"text":"(1) belle et triste","link":"https:\/\/inskriptionen.de\/?cat=66"},"img":{"alt_text":"","src":"","width":0,"height":0},"classes":[]},{"id":1570,"url":"https:\/\/inskriptionen.de\/?p=1570","url_meta":{"origin":1371,"position":3},"title":"Lyrikpolemik","author":"Marquis de Passade","date":"7. Mai 2012","format":false,"excerpt":"Patricia erhielt Verst\u00e4rkung von einem Lyriker, der die neue Lyrik f\u00fcr abscheulich hielt. Sein Name war Klaus Kobold, eine Ver\u00f6ffentlichung konnte er noch nicht sein eigen nennen, trotz erfolgreich hinter sich gebrachten Germanistikstudiums. All die publizierenden und preisverw\u00f6hnten Lyriker, die sich in der Aufmerksamkeit der Jurys und Lektorate sonnten, riefen\u2026","rel":"","context":"In &quot;Gem\u00fctstiefe&quot;","block_context":{"text":"Gem\u00fctstiefe","link":"https:\/\/inskriptionen.de\/?cat=9"},"img":{"alt_text":"","src":"","width":0,"height":0},"classes":[]},{"id":1041,"url":"https:\/\/inskriptionen.de\/?p=1041","url_meta":{"origin":1371,"position":4},"title":"komm zu potte","author":"soundroom","date":"30. August 2011","format":false,"excerpt":"Einmal w\u00e4re ich fast in eine TV-Talkshow eingeladen worden. Eine Show von Format im \u00d6ffentlichen, also mit Niewo. Eine Frau (naja, ein M\u00e4dchen, ein junges Ding jedenfalls)\u00a0vom Redaktionsb\u00fcro (wahrscheinlich eine Praktikantin, eine von denen, die ihr Germanistikstudium mit Medienkompetenz erweitert haben, von acht bis zwanzig Uhr jobben, nebenbei Kaffee kochen,\u2026","rel":"","context":"In &quot;Trauersymmetrie&quot;","block_context":{"text":"Trauersymmetrie","link":"https:\/\/inskriptionen.de\/?cat=5"},"img":{"alt_text":"","src":"","width":0,"height":0},"classes":[]},{"id":2865,"url":"https:\/\/inskriptionen.de\/?p=2865","url_meta":{"origin":1371,"position":5},"title":"A merman83 I should turn to be (when I&#8217;m 64)","author":"Faron Bebt","date":"31. M\u00e4rz 2014","format":false,"excerpt":"\"Das ist irgendwie alles ganz durchschnittlich\", grunzte der Lektor. \"Und \u00fcberhaupt - es passt nicht in diese Zeit. Heute ist, was zieht, schneller, lauter, greller, k\u00fchler. Heute weiss der Leser, dass es keine Hoffnung mehr gibt, er lacht also mit dem Tod, nicht \u00fcber ihn.\" L\u00f6wenthal erblasste. Seine Traktate \u00fcber\u2026","rel":"","context":"In &quot;Gem\u00fctstiefe&quot;","block_context":{"text":"Gem\u00fctstiefe","link":"https:\/\/inskriptionen.de\/?cat=9"},"img":{"alt_text":"Donut","src":"https:\/\/i0.wp.com\/www.l-lv.de\/inskriptionen\/wp-content\/uploads\/2014\/03\/Donut.png?resize=350%2C200","width":350,"height":200},"classes":[]}],"jetpack_shortlink":"https:\/\/wp.me\/pcYSN4-m7","_links":{"self":[{"href":"https:\/\/inskriptionen.de\/index.php?rest_route=\/wp\/v2\/posts\/1371","targetHints":{"allow":["GET"]}}],"collection":[{"href":"https:\/\/inskriptionen.de\/index.php?rest_route=\/wp\/v2\/posts"}],"about":[{"href":"https:\/\/inskriptionen.de\/index.php?rest_route=\/wp\/v2\/types\/post"}],"author":[{"embeddable":true,"href":"https:\/\/inskriptionen.de\/index.php?rest_route=\/wp\/v2\/users\/104"}],"replies":[{"embeddable":true,"href":"https:\/\/inskriptionen.de\/index.php?rest_route=%2Fwp%2Fv2%2Fcomments&post=1371"}],"version-history":[{"count":0,"href":"https:\/\/inskriptionen.de\/index.php?rest_route=\/wp\/v2\/posts\/1371\/revisions"}],"wp:attachment":[{"href":"https:\/\/inskriptionen.de\/index.php?rest_route=%2Fwp%2Fv2%2Fmedia&parent=1371"}],"wp:term":[{"taxonomy":"category","embeddable":true,"href":"https:\/\/inskriptionen.de\/index.php?rest_route=%2Fwp%2Fv2%2Fcategories&post=1371"},{"taxonomy":"post_tag","embeddable":true,"href":"https:\/\/inskriptionen.de\/index.php?rest_route=%2Fwp%2Fv2%2Ftags&post=1371"}],"curies":[{"name":"wp","href":"https:\/\/api.w.org\/{rel}","templated":true}]}}