{"id":1365,"date":"2012-03-02T15:31:39","date_gmt":"2012-03-02T14:31:39","guid":{"rendered":"http:\/\/www.inskriptionen.de\/?p=1365"},"modified":"2012-03-02T15:32:58","modified_gmt":"2012-03-02T14:32:58","slug":"sommer-im-diamantformat","status":"publish","type":"post","link":"https:\/\/inskriptionen.de\/?p=1365","title":{"rendered":"sommer im diamantformat"},"content":{"rendered":"<p><!--[if gte mso 9]&gt;        --><!--[if gte mso 9]&gt;     Normal   0         21         false   false   false      DE   X-NONE   X-NONE                                                                                             --><!--[if gte mso 9]&gt;                                                                                                                                                                                                                                                                                                                                                                                                                                --><!--[if gte mso 10]&gt;   \/* Style Definitions *\/  table.MsoNormalTable \t{mso-style-name:\"Normale Tabelle\"; \tmso-tstyle-rowband-size:0; \tmso-tstyle-colband-size:0; \tmso-style-noshow:yes; \tmso-style-priority:99; \tmso-style-parent:\"\"; \tmso-padding-alt:0cm 5.4pt 0cm 5.4pt; \tmso-para-margin-top:0cm; \tmso-para-margin-right:0cm; \tmso-para-margin-bottom:10.0pt; \tmso-para-margin-left:0cm; \tline-height:115%; \tmso-pagination:widow-orphan; \tfont-size:11.0pt; \tfont-family:\"Calibri\",\"sans-serif\"; \tmso-ascii-font-family:Calibri; \tmso-ascii-theme-font:minor-latin; \tmso-hansi-font-family:Calibri; \tmso-hansi-theme-font:minor-latin; \tmso-bidi-font-family:\"Times New Roman\"; \tmso-bidi-theme-font:minor-bidi; \tmso-fareast-language:EN-US;}  --><\/p>\n<p>dieses glei\u00dfen verwandelt das meer<br \/>\nin fl\u00fcssigkristall<\/p>\n<p>helle weite greift raum in uns<br \/>\ngedanken verwehen im sand<br \/>\nwie getrockneter seetang<\/p>\n<p>was immer auch kommt<br \/>\nwir sind angekommen<\/p>\n<p>ein l\u00e4cheln ein blick<br \/>\ndas gen\u00fcgt<\/p>\n","protected":false},"excerpt":{"rendered":"<p>dieses glei\u00dfen verwandelt das meer in fl\u00fcssigkristall helle weite greift raum in uns gedanken verwehen im sand wie getrockneter seetang was immer auch kommt wir sind angekommen ein l\u00e4cheln ein blick das gen\u00fcgt<\/p>\n","protected":false},"author":113,"featured_media":0,"comment_status":"open","ping_status":"closed","sticky":false,"template":"","format":"standard","meta":{"advanced_seo_description":"","jetpack_seo_html_title":"","jetpack_seo_noindex":false,"jetpack_post_was_ever_published":false,"_jetpack_newsletter_access":"","_jetpack_dont_email_post_to_subs":false,"_jetpack_newsletter_tier_id":0,"_jetpack_memberships_contains_paywalled_content":false,"_jetpack_memberships_contains_paid_content":false,"footnotes":""},"categories":[4],"tags":[],"class_list":["post-1365","post","type-post","status-publish","format-standard","hentry","category-4"],"jetpack_featured_media_url":"","jetpack_sharing_enabled":true,"jetpack-related-posts":[{"id":881,"url":"https:\/\/inskriptionen.de\/?p=881","url_meta":{"origin":1365,"position":0},"title":"Bis sp\u00e4ter","author":"Niko","date":"6. M\u00e4rz 2011","format":false,"excerpt":"im sommer hat mir die sonne die haut get\u00f6nt, die hat meine seele gew\u00e4rmt im sommer hat mir die sonne die haut get\u00f6nt, die hat mir die haut im sommer verbrannt, die augen verblitzt, ich glaub es wird jetzt zeit im sommer schon mach ich mich auf den weg, bevor\u2026","rel":"","context":"In &quot;Realit\u00e4tsschatten&quot;","block_context":{"text":"Realit\u00e4tsschatten","link":"https:\/\/inskriptionen.de\/?cat=4"},"img":{"alt_text":"","src":"","width":0,"height":0},"classes":[]},{"id":452,"url":"https:\/\/inskriptionen.de\/?p=452","url_meta":{"origin":1365,"position":1},"title":"bis sp\u00e4ter","author":"Niko","date":"9. M\u00e4rz 2009","format":false,"excerpt":"im sommer hat mir die sonne die haut get\u00f6nt, die hat meine seele gew\u00e4rmt im sommer hat mir die sonne die haut get\u00f6nt, die hat mir die haut im sommer verbrannt, die augen verblitzt, ich glaub es wird jetzt zeit im sommer schon mach ich mich auf den weg, bevor\u2026","rel":"","context":"In &quot;Realit\u00e4tsschatten&quot;","block_context":{"text":"Realit\u00e4tsschatten","link":"https:\/\/inskriptionen.de\/?cat=4"},"img":{"alt_text":"","src":"","width":0,"height":0},"classes":[]},{"id":6175,"url":"https:\/\/inskriptionen.de\/?p=6175","url_meta":{"origin":1365,"position":2},"title":"All diese Sommer","author":"Antigone","date":"25. Oktober 2016","format":false,"excerpt":"Wohin sind die Glei\u00dfenden Tage der Sommer, Als wir bedenkenlos durch die Gr\u00fcnen Himmel der W\u00e4lder liefen. So leicht war\u2019s ums Herz. G\u00f6ttergleich Warfen wir uns in die Tage, Gesang und Wein Anfang und Ende. Doch kurz die N\u00e4chte des Juni, kurz die Sommer. Nun der kahle Herbst, Grau dr\u00fcckt\u2026","rel":"","context":"In &quot;Realit\u00e4tsschatten&quot;","block_context":{"text":"Realit\u00e4tsschatten","link":"https:\/\/inskriptionen.de\/?cat=4"},"img":{"alt_text":"","src":"","width":0,"height":0},"classes":[]},{"id":4376,"url":"https:\/\/inskriptionen.de\/?p=4376","url_meta":{"origin":1365,"position":3},"title":"Sommermorgen","author":"Antigone","date":"1. September 2015","format":false,"excerpt":"Leb diese Fr\u00fche, der Morgen \u00f6ffnet die Augen wie einer, der lange anderw\u00e4rts weilte, wo Erde und Sterne sich z\u00e4rtlich ber\u00fchrten. Allein die Schatten beweisen den Lauf der Sonne, wenn sie \u00fcber den D\u00e4chern deiner Stadt aufsteigt wie die G\u00f6ttin von Samothrake. Etwas wie Glanz in den Stra\u00dfen, die Mauern\u2026","rel":"","context":"In &quot;Realit\u00e4tsschatten&quot;","block_context":{"text":"Realit\u00e4tsschatten","link":"https:\/\/inskriptionen.de\/?cat=4"},"img":{"alt_text":"","src":"","width":0,"height":0},"classes":[]},{"id":756,"url":"https:\/\/inskriptionen.de\/?p=756","url_meta":{"origin":1365,"position":4},"title":"sommernachtsball","author":"fryxell","date":"21. Juni 2010","format":false,"excerpt":"sommer is nich, wende war schon, hohe zeit der spiele, ein tor ein tor und noch ein tor, das sind schon ziemlich viele, der nachbar schl\u00e4gt die latte platt, die platte matt am bunten zaun steht ungeschminkt ein andrer clown und kotzt in die rabatte, so wird der l\u00e4ngste tag\u2026","rel":"","context":"In &quot;Erinnerungsbr\u00f6sel&quot;","block_context":{"text":"Erinnerungsbr\u00f6sel","link":"https:\/\/inskriptionen.de\/?cat=3"},"img":{"alt_text":"","src":"","width":0,"height":0},"classes":[]},{"id":30,"url":"https:\/\/inskriptionen.de\/?p=30","url_meta":{"origin":1365,"position":5},"title":"Orpheus : im Sommer","author":"Viktor Kalinke","date":"15. Juli 2007","format":false,"excerpt":"Wo Orpheus singt : ist Sommer er hat sich gesammelt : nicht gesungen ich habe nichts geh\u00f6rt : er hat seine Verk\u00f6rperungen versammelt : die Geister blieben unsichtbar : wir haben gefl\u00fcstert : gestammelt h\u00e4tte er doch : h\u00e4tte er doch uns in Tiere verwandelt : dich & dich &\u2026","rel":"","context":"In &quot;Realit\u00e4tsschatten&quot;","block_context":{"text":"Realit\u00e4tsschatten","link":"https:\/\/inskriptionen.de\/?cat=4"},"img":{"alt_text":"","src":"","width":0,"height":0},"classes":[]}],"jetpack_shortlink":"https:\/\/wp.me\/pcYSN4-m1","_links":{"self":[{"href":"https:\/\/inskriptionen.de\/index.php?rest_route=\/wp\/v2\/posts\/1365","targetHints":{"allow":["GET"]}}],"collection":[{"href":"https:\/\/inskriptionen.de\/index.php?rest_route=\/wp\/v2\/posts"}],"about":[{"href":"https:\/\/inskriptionen.de\/index.php?rest_route=\/wp\/v2\/types\/post"}],"author":[{"embeddable":true,"href":"https:\/\/inskriptionen.de\/index.php?rest_route=\/wp\/v2\/users\/113"}],"replies":[{"embeddable":true,"href":"https:\/\/inskriptionen.de\/index.php?rest_route=%2Fwp%2Fv2%2Fcomments&post=1365"}],"version-history":[{"count":0,"href":"https:\/\/inskriptionen.de\/index.php?rest_route=\/wp\/v2\/posts\/1365\/revisions"}],"wp:attachment":[{"href":"https:\/\/inskriptionen.de\/index.php?rest_route=%2Fwp%2Fv2%2Fmedia&parent=1365"}],"wp:term":[{"taxonomy":"category","embeddable":true,"href":"https:\/\/inskriptionen.de\/index.php?rest_route=%2Fwp%2Fv2%2Fcategories&post=1365"},{"taxonomy":"post_tag","embeddable":true,"href":"https:\/\/inskriptionen.de\/index.php?rest_route=%2Fwp%2Fv2%2Ftags&post=1365"}],"curies":[{"name":"wp","href":"https:\/\/api.w.org\/{rel}","templated":true}]}}