{"id":1351,"date":"2012-02-26T15:43:33","date_gmt":"2012-02-26T14:43:33","guid":{"rendered":"http:\/\/www.inskriptionen.de\/?p=1351"},"modified":"2012-02-26T15:43:33","modified_gmt":"2012-02-26T14:43:33","slug":"unter-blinden","status":"publish","type":"post","link":"https:\/\/inskriptionen.de\/?p=1351","title":{"rendered":"unter blinden"},"content":{"rendered":"<p><!--[if gte mso 9]&gt;        --><!--[if gte mso 9]&gt;     Normal   0         21         false   false   false      DE   X-NONE   X-NONE                                                                                             --><!--[if gte mso 9]&gt;                                                                                                                                                                                                                                                                                                                                                                                                                                --><!--[if gte mso 10]&gt;   \/* Style Definitions *\/  table.MsoNormalTable \t{mso-style-name:\"Normale Tabelle\"; \tmso-tstyle-rowband-size:0; \tmso-tstyle-colband-size:0; \tmso-style-noshow:yes; \tmso-style-priority:99; \tmso-style-parent:\"\"; \tmso-padding-alt:0cm 5.4pt 0cm 5.4pt; \tmso-para-margin-top:0cm; \tmso-para-margin-right:0cm; \tmso-para-margin-bottom:10.0pt; \tmso-para-margin-left:0cm; \tline-height:115%; \tmso-pagination:widow-orphan; \tfont-size:11.0pt; \tfont-family:\"Calibri\",\"sans-serif\"; \tmso-ascii-font-family:Calibri; \tmso-ascii-theme-font:minor-latin; \tmso-hansi-font-family:Calibri; \tmso-hansi-theme-font:minor-latin; \tmso-bidi-font-family:\"Times New Roman\"; \tmso-bidi-theme-font:minor-bidi; \tmso-fareast-language:EN-US;}  -->oh ekle dominanz der augen<br \/>\nhier z\u00e4hlen wille inbrunst<br \/>\n&amp; tastendes sentiment<\/p>\n<p>uns blinden w\u00e4re<br \/>\njeder ein\u00e4ugige<br \/>\n1 ketzer<\/p>\n","protected":false},"excerpt":{"rendered":"<p>oh ekle dominanz der augen hier z\u00e4hlen wille inbrunst &amp; tastendes sentiment uns blinden w\u00e4re jeder ein\u00e4ugige 1 ketzer<\/p>\n","protected":false},"author":113,"featured_media":0,"comment_status":"open","ping_status":"closed","sticky":false,"template":"","format":"standard","meta":{"advanced_seo_description":"","jetpack_seo_html_title":"","jetpack_seo_noindex":false,"jetpack_post_was_ever_published":false,"_jetpack_newsletter_access":"","_jetpack_dont_email_post_to_subs":false,"_jetpack_newsletter_tier_id":0,"_jetpack_memberships_contains_paywalled_content":false,"_jetpack_memberships_contains_paid_content":false,"footnotes":""},"categories":[9,4],"tags":[],"class_list":["post-1351","post","type-post","status-publish","format-standard","hentry","category-9","category-4"],"jetpack_featured_media_url":"","jetpack_sharing_enabled":true,"jetpack-related-posts":[{"id":628,"url":"https:\/\/inskriptionen.de\/?p=628","url_meta":{"origin":1351,"position":0},"title":"Ophelia, bleiche Nebel","author":"Zhenja","date":"24. Dezember 2009","format":false,"excerpt":"I Schwer dr\u00f6hnt die Milchstra\u00dfe Im Schwarz himmlischer Asphalte. Hoch recken sich die Stengel- S\u00e4ulen irdischer Basalte. Tief unten gurgelt einer seine Liebe in die Aggregate. Leichtf\u00fc\u00dfig l\u00e4uft die Winterkatze Von rechts nach links \u00fcber die Stra\u00dfe. Die Jagdgesellschaft ist verschwunden Hinter dem Sternbild Kleiner Hund. Die Zukunftsorgeln drehen sich\u2026","rel":"","context":"In &quot;Realit\u00e4tsschatten&quot;","block_context":{"text":"Realit\u00e4tsschatten","link":"https:\/\/inskriptionen.de\/?cat=4"},"img":{"alt_text":"","src":"","width":0,"height":0},"classes":[]},{"id":3877,"url":"https:\/\/inskriptionen.de\/?p=3877","url_meta":{"origin":1351,"position":1},"title":"Der blinde Maler","author":"J. W. Rosch","date":"7. Januar 2015","format":false,"excerpt":"Ich bin der erste Mensch, ich bin ein Gast auf Erden. Meinen Vater zu t\u00f6ten, war die logische Konsequenz Einer Sprache, die verneint, ohne auszul\u00f6schen sich Selbst: ich war vollkommen in der F\u00fclle meines Denkens - Die Sprache, die ihr sprecht, ist nur die Einschr\u00e4nkung Euer selbst: Sinn gegen Sinn\u2026","rel":"","context":"In &quot;Gem\u00fctstiefe&quot;","block_context":{"text":"Gem\u00fctstiefe","link":"https:\/\/inskriptionen.de\/?cat=9"},"img":{"alt_text":"","src":"","width":0,"height":0},"classes":[]},{"id":9,"url":"https:\/\/inskriptionen.de\/?p=9","url_meta":{"origin":1351,"position":2},"title":"Hadamar","author":"Viktor Kalinke","date":"20. April 2007","format":false,"excerpt":"Geschlafen habe ich : tief & unruhig in der Dienststube des Feldwebels : beim Empfang der grauen Busse : im Steinhaus neben dem ehemaligen Franziskaner-Kloster : dann Landesheilanstalt : f\u00fcr unbotm\u00e4\u00dfige Landeskinder zeitweilig Gasmordanstalt : was ist aus unserem fremden christlichen Glauben geworden : ihr Deutschen einem mi\u00dfratenen Kind mit\u2026","rel":"","context":"In &quot;Realit\u00e4tsschatten&quot;","block_context":{"text":"Realit\u00e4tsschatten","link":"https:\/\/inskriptionen.de\/?cat=4"},"img":{"alt_text":"","src":"","width":0,"height":0},"classes":[]},{"id":1178,"url":"https:\/\/inskriptionen.de\/?p=1178","url_meta":{"origin":1351,"position":3},"title":"T\u00e4nze des Donnervogels","author":"Viktor Kalinke","date":"29. Dezember 2011","format":false,"excerpt":"Da\u00df die Rechten in Deutschland immer wieder Zulauf haben, hat drei strukturelle, im Kern aber \u00e4u\u00dferliche Gr\u00fcnde, die auch zusammengenommen nicht ausreichen, den aufkeimenden Radikalismus zu erkl\u00e4ren, geschweige denn zu verstehen: Als Erstes ist die Wirtschafts\u00admisere zu benennen. Sie treibt den Keil tiefer in die Gesellschaft, spaltet die Mitte, polarisiert.\u2026","rel":"","context":"In &quot;Haltestelle in der W\u00fcste&quot;","block_context":{"text":"Haltestelle in der W\u00fcste","link":"https:\/\/inskriptionen.de\/?cat=73"},"img":{"alt_text":"","src":"","width":0,"height":0},"classes":[]},{"id":804,"url":"https:\/\/inskriptionen.de\/?p=804","url_meta":{"origin":1351,"position":4},"title":"T\u00fcren f\u00fchren Tr\u00e4nen z\u00e4umen Z\u00e4hne","author":"Zhenja","date":"23. Oktober 2010","format":false,"excerpt":"Die Zeiten Vom eignen Horizont ins jenseitige Erblinden, es war ein Irrtum anzunehmen : die Tabus w\u00fcrden rar : besser ablehnen. I han min sprachlos - gesittet folgen die Worte ihren Absichten. Blinde Zeiger, klimmen wir arglos, die T\u00fcren f\u00fchren ins Uhrwerk. Der R\u00e4ume","rel":"","context":"In &quot;Realit\u00e4tsschatten&quot;","block_context":{"text":"Realit\u00e4tsschatten","link":"https:\/\/inskriptionen.de\/?cat=4"},"img":{"alt_text":"","src":"","width":0,"height":0},"classes":[]},{"id":4324,"url":"https:\/\/inskriptionen.de\/?p=4324","url_meta":{"origin":1351,"position":5},"title":"Soziofeuilleton II","author":"Faron Bebt","date":"12. August 2015","format":false,"excerpt":"Der mystische Postmodernismus ist ein utopistischer Scherz und kulturelle Realit\u00e4t zugleich. Die bewu\u00dfte Wahrnehmung der, dem Ph\u00e4nomen zugrundeliegenden Prozesse stellt eine immanente, politische Notwendigkeit der heutigen Gesellschaft dar. Soziologische Trends beschreiben seit langem eine fortschreitende, gesamtgesellschaftliche Bewegung hin zu einer sich verst\u00e4rkenden Aufl\u00f6sung tradierter Rituale und die Abkehr von aus\u2026","rel":"","context":"In &quot;Realit\u00e4tsschatten&quot;","block_context":{"text":"Realit\u00e4tsschatten","link":"https:\/\/inskriptionen.de\/?cat=4"},"img":{"alt_text":"","src":"","width":0,"height":0},"classes":[]}],"jetpack_shortlink":"https:\/\/wp.me\/pcYSN4-lN","_links":{"self":[{"href":"https:\/\/inskriptionen.de\/index.php?rest_route=\/wp\/v2\/posts\/1351","targetHints":{"allow":["GET"]}}],"collection":[{"href":"https:\/\/inskriptionen.de\/index.php?rest_route=\/wp\/v2\/posts"}],"about":[{"href":"https:\/\/inskriptionen.de\/index.php?rest_route=\/wp\/v2\/types\/post"}],"author":[{"embeddable":true,"href":"https:\/\/inskriptionen.de\/index.php?rest_route=\/wp\/v2\/users\/113"}],"replies":[{"embeddable":true,"href":"https:\/\/inskriptionen.de\/index.php?rest_route=%2Fwp%2Fv2%2Fcomments&post=1351"}],"version-history":[{"count":0,"href":"https:\/\/inskriptionen.de\/index.php?rest_route=\/wp\/v2\/posts\/1351\/revisions"}],"wp:attachment":[{"href":"https:\/\/inskriptionen.de\/index.php?rest_route=%2Fwp%2Fv2%2Fmedia&parent=1351"}],"wp:term":[{"taxonomy":"category","embeddable":true,"href":"https:\/\/inskriptionen.de\/index.php?rest_route=%2Fwp%2Fv2%2Fcategories&post=1351"},{"taxonomy":"post_tag","embeddable":true,"href":"https:\/\/inskriptionen.de\/index.php?rest_route=%2Fwp%2Fv2%2Ftags&post=1351"}],"curies":[{"name":"wp","href":"https:\/\/api.w.org\/{rel}","templated":true}]}}