{"id":1332,"date":"2012-02-20T20:09:58","date_gmt":"2012-02-20T19:09:58","guid":{"rendered":"http:\/\/www.inskriptionen.de\/?p=1332"},"modified":"2012-03-12T22:09:46","modified_gmt":"2012-03-12T21:09:46","slug":"sommer-im-diaformat","status":"publish","type":"post","link":"https:\/\/inskriptionen.de\/?p=1332","title":{"rendered":"Sommer im Diaformat"},"content":{"rendered":"<p>Machtest du auch<br \/>\nmit <em>deinen Eltern<\/em><br \/>\nUrlaub in einer <em>Ferienwohnung an der See<\/em>,<br \/>\n(es sei <em>Sp\u00e4tsommer<\/em>,<br \/>\nsie legen  die Beine hoch,<br \/>\num sie herum<br \/>\nB\u00fcgelbrett, <em>Kleiderschrank<\/em><br \/>\n<em>offen<\/em>, Inhalt herausgequollen,<br \/>\nKinderzeichnungen,<br \/>\n<em>halb<\/em> <em>beschriebene Bl\u00e4tter<\/em>,<br \/>\nKugelschreiber, unsortierte,<br \/>\nhalb herunterh\u00e4ngende<br \/>\nGardinen in <em> durchsichtigem<\/em><br \/>\n<em>wolkenwei\u00df<\/em>)<\/p>\n<p>Drau\u00dfen peitschte die <em>st\u00fcrmische See<\/em>,<br \/>\nund ein  vorgeschlagener gemeinsamer<br \/>\n<em>Spaziergang <\/em>w\u00fcrde von den Eltern kategorisch<br \/>\nabgelehnt (da war doch mal der <em>Traum<\/em><br \/>\n<em>von den Sommerurlauben<\/em>,<br \/>\nals Mutter selbst bei Sonnenschein<br \/>\nso lange in der Ferienwohnung<br \/>\naufr\u00e4umte und putzte, dass ihr<br \/>\nnicht mehr <em>zum Strand <\/em>kamt.)<\/p>\n<p>Und dann  war die Sonne <em>hinter<\/em><br \/>\n<em>den Wolken<\/em> (in technicolor)<br \/>\nverschwunden<br \/>\nund du wusstest, dass Du  <em>nie<br \/>\nerfahren w\u00fcrdest<\/em>, wie es<br \/>\n\u00fcber den Wolken wohl<br \/>\n(grenzenlos) sei.<\/p>\n","protected":false},"excerpt":{"rendered":"<p>Machtest du auch mit deinen Eltern Urlaub in einer Ferienwohnung an der See, (es sei Sp\u00e4tsommer, sie legen die Beine hoch, um sie herum B\u00fcgelbrett, Kleiderschrank offen, Inhalt herausgequollen, Kinderzeichnungen, halb beschriebene Bl\u00e4tter, Kugelschreiber, unsortierte, halb herunterh\u00e4ngende Gardinen in durchsichtigem wolkenwei\u00df) Drau\u00dfen peitschte die st\u00fcrmische See, und ein vorgeschlagener gemeinsamer Spaziergang w\u00fcrde von den Eltern&#8230;<\/p>\n","protected":false},"author":48,"featured_media":0,"comment_status":"open","ping_status":"closed","sticky":false,"template":"","format":"standard","meta":{"advanced_seo_description":"","jetpack_seo_html_title":"","jetpack_seo_noindex":false,"jetpack_post_was_ever_published":false,"_jetpack_newsletter_access":"","_jetpack_dont_email_post_to_subs":false,"_jetpack_newsletter_tier_id":0,"_jetpack_memberships_contains_paywalled_content":false,"_jetpack_memberships_contains_paid_content":false,"footnotes":""},"categories":[5],"tags":[],"class_list":["post-1332","post","type-post","status-publish","format-standard","hentry","category-5"],"jetpack_featured_media_url":"","jetpack_sharing_enabled":true,"jetpack-related-posts":[{"id":14712,"url":"https:\/\/inskriptionen.de\/?p=14712","url_meta":{"origin":1332,"position":0},"title":"Das Ende der Willk\u00fcr","author":"Viktor Kalinke","date":"9. Februar 2022","format":false,"excerpt":"Als sich der neue K\u00f6nig die Krone aufs Haupt setzte, blickte er mit einem Auge auf die Schar der Diener zu seinen F\u00fc\u00dfen im Saal, die sich, bis die Nasenspitze den Boden ber\u00fchrte, vor ihm verbeugten. Sein anderes Auge lie\u00df den Blick aus dem Fenster schweifen ins weite Land, das\u2026","rel":"","context":"In &quot;(2) Panphobie&quot;","block_context":{"text":"(2) Panphobie","link":"https:\/\/inskriptionen.de\/?cat=59"},"img":{"alt_text":"","src":"https:\/\/i0.wp.com\/inskriptionen.de\/wp-content\/uploads\/2022\/01\/Thailands-Herrscher-setzt-sich-die-Krone-auf.jpg?resize=350%2C200&ssl=1","width":350,"height":200,"srcset":"https:\/\/i0.wp.com\/inskriptionen.de\/wp-content\/uploads\/2022\/01\/Thailands-Herrscher-setzt-sich-die-Krone-auf.jpg?resize=350%2C200&ssl=1 1x, https:\/\/i0.wp.com\/inskriptionen.de\/wp-content\/uploads\/2022\/01\/Thailands-Herrscher-setzt-sich-die-Krone-auf.jpg?resize=525%2C300&ssl=1 1.5x, https:\/\/i0.wp.com\/inskriptionen.de\/wp-content\/uploads\/2022\/01\/Thailands-Herrscher-setzt-sich-die-Krone-auf.jpg?resize=700%2C400&ssl=1 2x, https:\/\/i0.wp.com\/inskriptionen.de\/wp-content\/uploads\/2022\/01\/Thailands-Herrscher-setzt-sich-die-Krone-auf.jpg?resize=1050%2C600&ssl=1 3x, https:\/\/i0.wp.com\/inskriptionen.de\/wp-content\/uploads\/2022\/01\/Thailands-Herrscher-setzt-sich-die-Krone-auf.jpg?resize=1400%2C800&ssl=1 4x"},"classes":[]},{"id":1012,"url":"https:\/\/inskriptionen.de\/?p=1012","url_meta":{"origin":1332,"position":1},"title":"Ehtoma (Sommerst\u00fcck von einem finnischen See)","author":"evawal","date":"16. August 2011","format":false,"excerpt":"Ich halte die Augen geschlossen und sehe einen See. Alle Gedanken, alles Sp\u00fcrbare, F\u00fchlbare, alle Erfahrung, alle Erinnerung scheinen aus diesem See aufzusteigen. Hinter meinen Augen ist der See und f\u00fcllt mein Inneres aus; geht weit \u00fcber die Grenzen meines K\u00f6rpers, meiner Haut, die nach See und warmem Stein riecht.\u2026","rel":"","context":"In &quot;Trauersymmetrie&quot;","block_context":{"text":"Trauersymmetrie","link":"https:\/\/inskriptionen.de\/?cat=5"},"img":{"alt_text":"","src":"","width":0,"height":0},"classes":[]},{"id":280,"url":"https:\/\/inskriptionen.de\/?p=280","url_meta":{"origin":1332,"position":2},"title":"Tr\u00e4umen [11]","author":"Zhenja","date":"4. September 2008","format":false,"excerpt":"Nun waren wir also im Wald. Nebenan jenes Zimmer, in welchem du mir dein Leben erz\u00e4hlt hattest, das mich schweigend angeblickt und stumm gefragt hatte, ob ... - weiter hinten der Bahnhof, auf welchem wir uns begegnet waren wie zwei Schiffe auf hoher See. Unsere M\u00fctter nun ganz in wei\u00df\u2026","rel":"","context":"In &quot;Trauersymmetrie&quot;","block_context":{"text":"Trauersymmetrie","link":"https:\/\/inskriptionen.de\/?cat=5"},"img":{"alt_text":"","src":"","width":0,"height":0},"classes":[]},{"id":1697,"url":"https:\/\/inskriptionen.de\/?p=1697","url_meta":{"origin":1332,"position":3},"title":"Verwirrte Venus oder Himmels-Wissenschaft als Selbstversuch","author":"evawal","date":"27. Juli 2012","format":false,"excerpt":"Erwache in Morgenstarre, feuchter Musenkuss, wo auf meinem schweren Schlafleib, wo? Erweckt und auf eine ziemlich kreisrunde Umlaufbahn geschossen (wer wagt es, an meiner Bahn herumzubiegen?). Neigungswinkel gering, Exzentrik gering (was hei\u00dft das?). Oberfl\u00e4che flach, dunkel (maximal 5000 Lux), rotgl\u00fchend, hei\u00df. Leichte Brise, keine Jahreszeiten. Terrestrisch, Kruste vorhanden. Vulkane mit\u2026","rel":"","context":"In &quot;Trauersymmetrie&quot;","block_context":{"text":"Trauersymmetrie","link":"https:\/\/inskriptionen.de\/?cat=5"},"img":{"alt_text":"","src":"","width":0,"height":0},"classes":[]},{"id":15966,"url":"https:\/\/inskriptionen.de\/?p=15966","url_meta":{"origin":1332,"position":4},"title":"Novembermorgen","author":"Markus","date":"28. November 2022","format":false,"excerpt":"Ein Tag im November Gestern Abend hat es geregnet, alles ist feucht und frisch an diesem Novembermorgen. Die Bl\u00e4tter der B\u00e4ume fallen. Ich liebe die Herbstfarben, rot, orange, gelb, braun mit etwas gr\u00fcn. Die Farben der heruntergefallenen Bl\u00e4tter bringen eine Nostalgie mit sich. Langsam \u00f6ffnet der Markt mit Weihnachtsgeschenken. Ich\u2026","rel":"","context":"In &quot;ecos da escrita&quot;","block_context":{"text":"ecos da escrita","link":"https:\/\/inskriptionen.de\/?cat=60"},"img":{"alt_text":"","src":"","width":0,"height":0},"classes":[]},{"id":13686,"url":"https:\/\/inskriptionen.de\/?p=13686","url_meta":{"origin":1332,"position":5},"title":"Willys Traum","author":"Wassili Busskl\u00e4ff","date":"27. Februar 2021","format":false,"excerpt":"\u00a0 Willy hatte einen merkw\u00fcrdigen Traum. Darin tr\u00e4umte ihm, dass er der Herrscher irgendeines Landes war, das im Traum nicht weiter bestimmt war, der absolute Herrscher. Und nat\u00fcrlich, dem Willy im Traum war v\u00f6llig klar, dass eine solche absolute Herrschaft heute nicht lange funktionieren w\u00fcrde. Nat\u00fcrlich war Willy ein aufgekl\u00e4rter\u2026","rel":"","context":"In &quot;Realit\u00e4tsschatten&quot;","block_context":{"text":"Realit\u00e4tsschatten","link":"https:\/\/inskriptionen.de\/?cat=4"},"img":{"alt_text":"","src":"","width":0,"height":0},"classes":[]}],"jetpack_shortlink":"https:\/\/wp.me\/pcYSN4-lu","_links":{"self":[{"href":"https:\/\/inskriptionen.de\/index.php?rest_route=\/wp\/v2\/posts\/1332","targetHints":{"allow":["GET"]}}],"collection":[{"href":"https:\/\/inskriptionen.de\/index.php?rest_route=\/wp\/v2\/posts"}],"about":[{"href":"https:\/\/inskriptionen.de\/index.php?rest_route=\/wp\/v2\/types\/post"}],"author":[{"embeddable":true,"href":"https:\/\/inskriptionen.de\/index.php?rest_route=\/wp\/v2\/users\/48"}],"replies":[{"embeddable":true,"href":"https:\/\/inskriptionen.de\/index.php?rest_route=%2Fwp%2Fv2%2Fcomments&post=1332"}],"version-history":[{"count":0,"href":"https:\/\/inskriptionen.de\/index.php?rest_route=\/wp\/v2\/posts\/1332\/revisions"}],"wp:attachment":[{"href":"https:\/\/inskriptionen.de\/index.php?rest_route=%2Fwp%2Fv2%2Fmedia&parent=1332"}],"wp:term":[{"taxonomy":"category","embeddable":true,"href":"https:\/\/inskriptionen.de\/index.php?rest_route=%2Fwp%2Fv2%2Fcategories&post=1332"},{"taxonomy":"post_tag","embeddable":true,"href":"https:\/\/inskriptionen.de\/index.php?rest_route=%2Fwp%2Fv2%2Ftags&post=1332"}],"curies":[{"name":"wp","href":"https:\/\/api.w.org\/{rel}","templated":true}]}}