{"id":1232,"date":"2012-01-21T15:07:25","date_gmt":"2012-01-21T14:07:25","guid":{"rendered":"http:\/\/www.inskriptionen.de\/?p=1232"},"modified":"2012-02-19T21:39:05","modified_gmt":"2012-02-19T20:39:05","slug":"wieder-1-fruhjahr","status":"publish","type":"post","link":"https:\/\/inskriptionen.de\/?p=1232","title":{"rendered":"Idyll in Gelb"},"content":{"rendered":"<p><em>(frei nach einem Text der crysantheme)<\/em><\/p>\n<p>Am Tag sahen die Bilder anders aus. In der Porzellanvase poppten die Bl\u00fcten von Osterglocken auf. Ihre d\u00fcnnen F\u00e4den mit Pollen beh\u00e4ngt, die ins Tageslicht staubten. Sie ging hin\u00fcber und knickte eine ab. Das Fleisch war bl\u00e4sslich, eine Entt\u00e4uschung nach dem reifen Gelb der Zitronen und Bananen vom Winter. <em>Symphonie in Gelb<\/em>, hie\u00df das Bild erst, dann <em>Salome mit Osterglocke<\/em>. Wem fielen die Titel ein? Eduard, nat\u00fcrlich. Wie unter Wasser rauschte es im Inneren. \u00dcbereinander geschichtetes Gelb. Es h\u00fcllte ihn in die Mode einer vergangenen Zeit. Einer Zeit, in der K\u00fcnstler und Literaten noch <em>Musenk\u00e4rtchen <\/em>versendeten, um einander zu inspirieren.<\/p>\n<p><a href=\"http:\/\/www.erata.de\/inskriptionen\/wp-content\/uploads\/2012\/01\/bild-101.jpg\" title=\"bild-101.jpg\"><\/a><\/p>\n<p><a href=\"http:\/\/www.erata.de\/inskriptionen\/wp-content\/uploads\/2012\/01\/bild-010.jpg\" title=\"bild-010.jpg\"><\/a><a href=\"http:\/\/www.erata.de\/inskriptionen\/wp-content\/uploads\/2012\/01\/bild-026.jpg\" title=\"bild-026.jpg\"><\/a><a href=\"http:\/\/www.erata.de\/inskriptionen\/wp-content\/uploads\/2012\/01\/bild-102.jpg\" title=\"bild-102.jpg\"><\/a><a href=\"http:\/\/www.erata.de\/inskriptionen\/wp-content\/uploads\/2012\/01\/bild-102.jpg\" title=\"bild-102.jpg\"><\/a><a href=\"https:\/\/i0.wp.com\/www.erata.de\/inskriptionen\/wp-content\/uploads\/2012\/01\/bild-101.jpg\" title=\"bild-101.jpg\"><img data-recalc-dims=\"1\" decoding=\"async\" src=\"https:\/\/i0.wp.com\/www.erata.de\/inskriptionen\/wp-content\/uploads\/2012\/01\/bild-101.thumbnail.jpg?w=700\" alt=\"bild-101.jpg\" \/><\/a><a href=\"http:\/\/www.erata.de\/inskriptionen\/wp-content\/uploads\/2012\/01\/bild-089.jpg\" title=\"bild-089.jpg\"><\/a><\/p>\n","protected":false},"excerpt":{"rendered":"<p>(frei nach einem Text der crysantheme) Am Tag sahen die Bilder anders aus. In der Porzellanvase poppten die Bl\u00fcten von Osterglocken auf. Ihre d\u00fcnnen F\u00e4den mit Pollen beh\u00e4ngt, die ins Tageslicht staubten. Sie ging hin\u00fcber und knickte eine ab. Das Fleisch war bl\u00e4sslich, eine Entt\u00e4uschung nach dem reifen Gelb der Zitronen und Bananen vom Winter&#8230;.<\/p>\n","protected":false},"author":48,"featured_media":0,"comment_status":"open","ping_status":"closed","sticky":false,"template":"","format":"standard","meta":{"advanced_seo_description":"","jetpack_seo_html_title":"","jetpack_seo_noindex":false,"jetpack_post_was_ever_published":false,"_jetpack_newsletter_access":"","_jetpack_dont_email_post_to_subs":false,"_jetpack_newsletter_tier_id":0,"_jetpack_memberships_contains_paywalled_content":false,"_jetpack_memberships_contains_paid_content":false,"footnotes":""},"categories":[5],"tags":[],"class_list":["post-1232","post","type-post","status-publish","format-standard","hentry","category-5"],"jetpack_featured_media_url":"","jetpack_sharing_enabled":true,"jetpack-related-posts":[{"id":1300,"url":"https:\/\/inskriptionen.de\/?p=1300","url_meta":{"origin":1232,"position":0},"title":"osterglocken","author":"frau kleist","date":"23. Februar 2012","format":false,"excerpt":"den weg ins gras m\u00f6cht ich beschreiten, weiter noch nach unten gleiten, mich an braune kletten kleben, liegen m\u00f6cht ich, knapp daneben, \u00fcber mir ein heller streifen, gummi zieht sich auf die reifen, dicht davor narziss sich reiht, in dem gelben osterkleid.","rel":"","context":"In &quot;Gem\u00fctstiefe&quot;","block_context":{"text":"Gem\u00fctstiefe","link":"https:\/\/inskriptionen.de\/?cat=9"},"img":{"alt_text":"","src":"","width":0,"height":0},"classes":[]},{"id":6159,"url":"https:\/\/inskriptionen.de\/?p=6159","url_meta":{"origin":1232,"position":1},"title":"Mandelstam","author":"J. W. Rosch","date":"15. Oktober 2016","format":false,"excerpt":"Der Schrei: stumm wie ein Vogel unter Wasser. Gelb ist keine Farbe, gelb ist ein Symbol - Menschen weizen, jede \u00c4hre einen Kopf k\u00fcrzer nach der Ernte, nach dem Anbrechen unserer Zukunft. Wir haben keine Zukunft. Unsere Geduld ist am Ende. Unser Ende l\u00e4ngst vorbei, so graben wir uns durch\u2026","rel":"","context":"In &quot;Trauersymmetrie&quot;","block_context":{"text":"Trauersymmetrie","link":"https:\/\/inskriptionen.de\/?cat=5"},"img":{"alt_text":"","src":"","width":0,"height":0},"classes":[]},{"id":11173,"url":"https:\/\/inskriptionen.de\/?p=11173","url_meta":{"origin":1232,"position":2},"title":"Vincent","author":"Theodor Holz","date":"7. Mai 2019","format":false,"excerpt":"Er suchte Licht : das Licht Der \u00c4gypter : glei\u00dfendes Gelb : Paul empfahl ihm Den S\u00fcden : die langen Tage der Provence : das Gold Der \u00c4hren : das dreckige Gelb der Schafe : welke Sonnenblumen : zum Verr\u00fcckt- Werden : er trug den tanzenden Stern in sich :\u2026","rel":"","context":"In &quot;Realit\u00e4tsschatten&quot;","block_context":{"text":"Realit\u00e4tsschatten","link":"https:\/\/inskriptionen.de\/?cat=4"},"img":{"alt_text":"","src":"","width":0,"height":0},"classes":[]},{"id":4785,"url":"https:\/\/inskriptionen.de\/?p=4785","url_meta":{"origin":1232,"position":3},"title":"Ewige Blumenkraft","author":"Faron Bebt","date":"25. M\u00e4rz 2016","format":false,"excerpt":"Fr\u00f6hlich h\u00fcpfen kleine Fr\u00fchlingstropfen auf dem Balkongel\u00e4nder umher, ein wenig Wind pfeift leise und nicht gerade kalt dazwischen. Stiefm\u00fctterchen, gelb und blau, violett und orange leuchten heiter inmitten hellen Himmelsgraus. Sprache - denke ich mir, fragen sie - kann Sprache uns erkennen? Lacht ihr mit uns, wenn ihr unsere Bl\u00fcttenbl\u00e4tter\u2026","rel":"","context":"In &quot;Realit\u00e4tsschatten&quot;","block_context":{"text":"Realit\u00e4tsschatten","link":"https:\/\/inskriptionen.de\/?cat=4"},"img":{"alt_text":"","src":"","width":0,"height":0},"classes":[]},{"id":1536,"url":"https:\/\/inskriptionen.de\/?p=1536","url_meta":{"origin":1232,"position":4},"title":"Das Gelb: wie Pickel. Unausgedr\u00fcckt.","author":"van hengel","date":"2. Mai 2012","format":false,"excerpt":"verwaschenes P\u00fcnktchen auf der Fingerspitze. Und dann das Ausrechnen der Stunden, bis man wieder ansehnlich geworden sein k\u00f6nnte. Bis morgen wird sich eine Kruste bilden. Die sollte ich in Ruhe lassen. Dann \u00fcbermorgen noch. Dann mit dem Fingernagel eine sanfte Ann\u00e4herung. Mit dem ersten Gl\u00fccksgef\u00fchl einer anf\u00e4nglichen Abl\u00f6sung des geronnenen\u2026","rel":"","context":"In &quot;Trauersymmetrie&quot;","block_context":{"text":"Trauersymmetrie","link":"https:\/\/inskriptionen.de\/?cat=5"},"img":{"alt_text":"","src":"","width":0,"height":0},"classes":[]},{"id":1924,"url":"https:\/\/inskriptionen.de\/?p=1924","url_meta":{"origin":1232,"position":5},"title":"nix","author":"eisenhans","date":"17. Dezember 2012","format":false,"excerpt":"(winseln & pinseln) konnte nicht gut ertragen dass die tippser freih\u00e4ndig schlierige meinungen nicht teilten pinselte immer weiter schlabberdoktrinen mit gelbem strahl in den breitschnee der bildschirme damit nichts anderes zu lesen sei als der kindliche flunsch & wunsch verdammt noch mal schnauze schnauze recht zu haben n\u00fctzte gar nix\u2026","rel":"","context":"In &quot;Gem\u00fctstiefe&quot;","block_context":{"text":"Gem\u00fctstiefe","link":"https:\/\/inskriptionen.de\/?cat=9"},"img":{"alt_text":"","src":"","width":0,"height":0},"classes":[]}],"jetpack_shortlink":"https:\/\/wp.me\/pcYSN4-jS","_links":{"self":[{"href":"https:\/\/inskriptionen.de\/index.php?rest_route=\/wp\/v2\/posts\/1232","targetHints":{"allow":["GET"]}}],"collection":[{"href":"https:\/\/inskriptionen.de\/index.php?rest_route=\/wp\/v2\/posts"}],"about":[{"href":"https:\/\/inskriptionen.de\/index.php?rest_route=\/wp\/v2\/types\/post"}],"author":[{"embeddable":true,"href":"https:\/\/inskriptionen.de\/index.php?rest_route=\/wp\/v2\/users\/48"}],"replies":[{"embeddable":true,"href":"https:\/\/inskriptionen.de\/index.php?rest_route=%2Fwp%2Fv2%2Fcomments&post=1232"}],"version-history":[{"count":0,"href":"https:\/\/inskriptionen.de\/index.php?rest_route=\/wp\/v2\/posts\/1232\/revisions"}],"wp:attachment":[{"href":"https:\/\/inskriptionen.de\/index.php?rest_route=%2Fwp%2Fv2%2Fmedia&parent=1232"}],"wp:term":[{"taxonomy":"category","embeddable":true,"href":"https:\/\/inskriptionen.de\/index.php?rest_route=%2Fwp%2Fv2%2Fcategories&post=1232"},{"taxonomy":"post_tag","embeddable":true,"href":"https:\/\/inskriptionen.de\/index.php?rest_route=%2Fwp%2Fv2%2Ftags&post=1232"}],"curies":[{"name":"wp","href":"https:\/\/api.w.org\/{rel}","templated":true}]}}