{"id":11582,"date":"2019-09-20T06:04:39","date_gmt":"2019-09-20T05:04:39","guid":{"rendered":"http:\/\/www.inskriptionen.de\/?p=11582"},"modified":"2019-09-20T23:43:06","modified_gmt":"2019-09-20T22:43:06","slug":"polarstern","status":"publish","type":"post","link":"https:\/\/inskriptionen.de\/?p=11582","title":{"rendered":"*Polarstern"},"content":{"rendered":"<p>Heute schreiben wir<br \/>\nFreitag, den zwan<br \/>\nzig  sten<br \/>\nseptembre<br \/>\nanno domini 2019,<br \/>\nFesttag der Geometrie:<br \/>\n(Konstruktion)<br \/>\nVom Nabel des Himmels<br \/>\nziehe man eine Gerade<br \/>\nhierher,<br \/>\nwo es am k\u00e4ltesten ist &#8211;<br \/>\nDer Begriff ist ein<br \/>\nGott in Bewegung.<br \/>\nMan warte.<br \/>\nMesse.<br \/>\nBete oder nicht.<br \/>\nAtme! Ein und aus,<br \/>\n&#8222;wie es sich geh\u00f6rt.&#8220;<br \/>\nMan baue eine Welt<br \/>\na priori<br \/>\nund warte, warte<br \/>\nauf die richtige<br \/>\n(passende)<br \/>\nWahrnehmung:<br \/>\nFestakt des Denkens &#8211;<br \/>\npolitische Natur.<br \/>\nHeute laufen wir aus, ein, aus &#8211; &#8211;<br \/>\nund die Erde rotiert.<br \/>\nDer Mond ist ein Schaf<br \/>\nin Elysium, der Begriff<br \/>\nein Gott, ein F\u00fchl  en<\/p>\n","protected":false},"excerpt":{"rendered":"<p>Heute schreiben wir Freitag, den zwan zig sten septembre anno domini 2019, Festtag der Geometrie: (Konstruktion) Vom Nabel des Himmels ziehe man eine Gerade hierher, wo es am k\u00e4ltesten ist &#8211; Der Begriff ist ein Gott in Bewegung. Man warte. Messe. Bete oder nicht. Atme! Ein und aus, &#8222;wie es sich geh\u00f6rt.&#8220; Man baue eine&#8230;<\/p>\n","protected":false},"author":2,"featured_media":0,"comment_status":"open","ping_status":"closed","sticky":false,"template":"","format":"standard","meta":{"advanced_seo_description":"","jetpack_seo_html_title":"","jetpack_seo_noindex":false,"jetpack_post_was_ever_published":false,"_jetpack_newsletter_access":"","_jetpack_dont_email_post_to_subs":false,"_jetpack_newsletter_tier_id":0,"_jetpack_memberships_contains_paywalled_content":false,"_jetpack_memberships_contains_paid_content":false,"footnotes":""},"categories":[4],"tags":[],"class_list":["post-11582","post","type-post","status-publish","format-standard","hentry","category-4"],"jetpack_featured_media_url":"","jetpack_sharing_enabled":true,"jetpack-related-posts":[{"id":11603,"url":"https:\/\/inskriptionen.de\/?p=11603","url_meta":{"origin":11582,"position":0},"title":"El a\u00f1o de los ni\u00f1os sagrados","author":"Faron Bebt","date":"30. September 2019","format":false,"excerpt":"In der Grundschule, die ich heute im Rahmen einer Veranstaltung besuchte, hingen selbstbemalte Pappen aus. Die Sechs-bis Zehnj\u00e4hrigen, die sie erstellt hatten, besa\u00dfen offensichtlich ein ausgepr\u00e4gtes Gesp\u00fcr f\u00fcr den ihren Alltag beherrschenden Zeitgeist und seine massenmedialen Abgesandten. Mir wurde ein wenig kulturrevolution\u00e4r zumute, als ich die Kunstwerke n\u00e4her zu betrachten\u2026","rel":"","context":"In &quot;Erinnerungsbr\u00f6sel&quot;","block_context":{"text":"Erinnerungsbr\u00f6sel","link":"https:\/\/inskriptionen.de\/?cat=3"},"img":{"alt_text":"20190929_124925 (3)","src":"https:\/\/i0.wp.com\/www.l-lv.de\/inskriptionen\/wp-content\/uploads\/2019\/09\/20190929_124925-3-300x300.jpg?resize=350%2C200","width":350,"height":200},"classes":[]},{"id":12045,"url":"https:\/\/inskriptionen.de\/?p=12045","url_meta":{"origin":11582,"position":1},"title":"g\u00f6ttlichkeit | das g\u00f6ttliche","author":"Werner Weimar-Mazur","date":"7. Februar 2020","format":false,"excerpt":"f\u00fcr C. M. tragen wir einen vers ins haus legen wir ihn neben die post die briefe aus einem anderen lebenschuppt der himmel sein blau ab die kindheit ihre letzten unbeschwerten tr\u00e4nen sind des himmels treiben gratwanderungen der kindheit verseaufschauend ins wolkenleere gie\u00dft sich ein tag \u00fcber den anderen eine\u2026","rel":"","context":"In &quot;Trauersymmetrie&quot;","block_context":{"text":"Trauersymmetrie","link":"https:\/\/inskriptionen.de\/?cat=5"},"img":{"alt_text":"","src":"","width":0,"height":0},"classes":[]},{"id":5801,"url":"https:\/\/inskriptionen.de\/?p=5801","url_meta":{"origin":11582,"position":2},"title":"Portale","author":"Antigone","date":"22. August 2016","format":false,"excerpt":"D\u00fcnn geworden, was man uns serviert. Verschrien, verleumdet die ungeliebte Klarheit des Gedankens, die, mitunter noch, anklagend die Stimme erhebt. Gl\u00fccklos sind wir. Die Massen machen das Spiel, man las es in Glanzbrosch\u00fcren, und gemeint waren Wirrnis, Leere und Gleichg\u00fcltigkeit. \u00dcberall Melancholie, sie hockt vor geschlossenen Portalen, und wir, arme\u2026","rel":"","context":"In &quot;Realit\u00e4tsschatten&quot;","block_context":{"text":"Realit\u00e4tsschatten","link":"https:\/\/inskriptionen.de\/?cat=4"},"img":{"alt_text":"","src":"","width":0,"height":0},"classes":[]},{"id":151,"url":"https:\/\/inskriptionen.de\/?p=151","url_meta":{"origin":11582,"position":3},"title":"Dreiecke","author":"Patrick Beck","date":"17. M\u00e4rz 2008","format":false,"excerpt":"Die Anfrage, obwohl vor einiger Zeit gestellt, hatte noch niemand beantwortet. Auch wir waren nicht zust\u00e4ndig. Sie war nicht korrekt formuliert und bereits zweimal an den Anfragenden zur\u00fcckgewiesen worden. Ich habe sie \u00fcbernommen \u2013 mit dienlicher Deutung f\u00e4llt sie in unsere Kompetenzen, zumal nach der Anzahl der W\u00f6rter abgerechnet wird.\u2026","rel":"","context":"In &quot;Trauersymmetrie&quot;","block_context":{"text":"Trauersymmetrie","link":"https:\/\/inskriptionen.de\/?cat=5"},"img":{"alt_text":"","src":"","width":0,"height":0},"classes":[]},{"id":19,"url":"https:\/\/inskriptionen.de\/?p=19","url_meta":{"origin":11582,"position":4},"title":"Noch immer Wut","author":"J. W. Rosch","date":"11. Juni 2007","format":false,"excerpt":"Die Welt im Ganzen in st\u00e4ndiger Bewegung: Noch hat es der Geist nicht aufgegeben, dem m\u00fchsam ergriffenen Chaos die Fesseln seiner Begriffe anzulegen, da hebt sich eine neue Woge substanzlosen Wesens aus dem Kartengesicht seiner Sprachgebilde. Die Grammatik als ewig klappernder Mechanismus einer Suche nach Wohlgeformtheit. Wort in Kombination seiner\u2026","rel":"","context":"In &quot;Trauersymmetrie&quot;","block_context":{"text":"Trauersymmetrie","link":"https:\/\/inskriptionen.de\/?cat=5"},"img":{"alt_text":"","src":"","width":0,"height":0},"classes":[]},{"id":21,"url":"https:\/\/inskriptionen.de\/?p=21","url_meta":{"origin":11582,"position":5},"title":"Wo Zweifel ist, w\u00e4chst auch die Verzweiflung &#8230;","author":"Viktor Kalinke","date":"24. Juni 2007","format":false,"excerpt":"Das Wesen Mensch Laudatio zu einer Ausstellung von Jens Ossada, Schlo\u00df Rochsburg Das Wesen Mensch \u2014 wer denkt da nicht an die Kreatur, die Sch\u00f6pfung Gottes. Oder, um ein anderen Glaubenssatz zu benennen, an die \u201ebio-psycho-soziale Einheit Mensch\u201c. Den Maler und Skulpturenbauer Jens Ossada besch\u00e4ftigt die Frage, worin das Wesen\u2026","rel":"","context":"In &quot;Erinnerungsbr\u00f6sel&quot;","block_context":{"text":"Erinnerungsbr\u00f6sel","link":"https:\/\/inskriptionen.de\/?cat=3"},"img":{"alt_text":"","src":"","width":0,"height":0},"classes":[]}],"jetpack_shortlink":"https:\/\/wp.me\/pcYSN4-30O","_links":{"self":[{"href":"https:\/\/inskriptionen.de\/index.php?rest_route=\/wp\/v2\/posts\/11582","targetHints":{"allow":["GET"]}}],"collection":[{"href":"https:\/\/inskriptionen.de\/index.php?rest_route=\/wp\/v2\/posts"}],"about":[{"href":"https:\/\/inskriptionen.de\/index.php?rest_route=\/wp\/v2\/types\/post"}],"author":[{"embeddable":true,"href":"https:\/\/inskriptionen.de\/index.php?rest_route=\/wp\/v2\/users\/2"}],"replies":[{"embeddable":true,"href":"https:\/\/inskriptionen.de\/index.php?rest_route=%2Fwp%2Fv2%2Fcomments&post=11582"}],"version-history":[{"count":6,"href":"https:\/\/inskriptionen.de\/index.php?rest_route=\/wp\/v2\/posts\/11582\/revisions"}],"predecessor-version":[{"id":11588,"href":"https:\/\/inskriptionen.de\/index.php?rest_route=\/wp\/v2\/posts\/11582\/revisions\/11588"}],"wp:attachment":[{"href":"https:\/\/inskriptionen.de\/index.php?rest_route=%2Fwp%2Fv2%2Fmedia&parent=11582"}],"wp:term":[{"taxonomy":"category","embeddable":true,"href":"https:\/\/inskriptionen.de\/index.php?rest_route=%2Fwp%2Fv2%2Fcategories&post=11582"},{"taxonomy":"post_tag","embeddable":true,"href":"https:\/\/inskriptionen.de\/index.php?rest_route=%2Fwp%2Fv2%2Ftags&post=11582"}],"curies":[{"name":"wp","href":"https:\/\/api.w.org\/{rel}","templated":true}]}}