{"id":114,"date":"2008-01-13T15:14:44","date_gmt":"2008-01-13T13:14:44","guid":{"rendered":"http:\/\/www.inskriptionen.de\/?p=114"},"modified":"2009-01-30T19:15:32","modified_gmt":"2009-01-30T17:15:32","slug":"die-saulen-des-herakles","status":"publish","type":"post","link":"https:\/\/inskriptionen.de\/?p=114","title":{"rendered":"Die S\u00e4ulen des Herakles"},"content":{"rendered":"<p><font size=\"2\">Nun steht der Mensch am Rand der<\/font><font size=\"2\">Welt, vor sich das Meer in all seiner<\/font><font size=\"2\">Pracht &amp; hinter sich das menschliche<\/p>\n<p>Ungl\u00fcck: &#8222;Wer bin ich&#8220;, fragt<\/p>\n<p>Des Kopfes Stimme, fragt eine<\/p>\n<p>Stimme aus dem Loch, &#8222;wo<\/p>\n<p>geht es hin auf dieser Reise?&#8220; &#8211;<\/p>\n<p>Die Wellen sch\u00e4umen krachend &amp; kalt,<\/p>\n<p>der Globus im Kopf fa\u00dft keinen Flu\u00df<\/p>\n<p>Mehr, ohne den Grund einer Wellen-<\/p>\n<p>bewegung hat nicht &#8218;mal das Fragen<\/p>\n<p>Seinen tragenden Rhythmus, von<\/p>\n<p>B\u00f6 zu B\u00f6 springt die ziehende Herde, Ge-<\/p>\n<p>Danken &#8211; o Himmel! &#8211; mit Ziegenh\u00f6rnern<\/p>\n<p>gaukeln den Schiffern ihr Mutter-<\/p>\n<p>Haus vor: &#8222;Hier steh&#8216; ich, jung&#8220;, ein<\/p>\n<p>Gem\u00e4uer von S\u00e4ulen wie Riesen-<\/p>\n<p>Schenkel in die Erde gerammt, &#8222;- so<\/p>\n<p>mu\u00dft auch du stehn, bist du erstmal<\/p>\n<p>Verst\u00e4ndig, Junges!&#8220; &#8211; dann br\u00fcllte der Ozean.<\/p>\n<p><\/font><\/p>\n","protected":false},"excerpt":{"rendered":"<p>Nun steht der Mensch am Rand derWelt, vor sich das Meer in all seinerPracht &amp; hinter sich das menschliche Ungl\u00fcck: &#8222;Wer bin ich&#8220;, fragt Des Kopfes Stimme, fragt eine Stimme aus dem Loch, &#8222;wo geht es hin auf dieser Reise?&#8220; &#8211; Die Wellen sch\u00e4umen krachend &amp; kalt, der Globus im Kopf fa\u00dft keinen Flu\u00df Mehr,&#8230;<\/p>\n","protected":false},"author":6,"featured_media":0,"comment_status":"open","ping_status":"closed","sticky":false,"template":"","format":"standard","meta":{"advanced_seo_description":"","jetpack_seo_html_title":"","jetpack_seo_noindex":false,"jetpack_seo_schema_type":"","_jetpack_newsletter_access":"","_jetpack_dont_email_post_to_subs":false,"_jetpack_newsletter_tier_id":0,"_jetpack_memberships_contains_paywalled_content":false,"_jetpack_feature_clip_id":0,"_jetpack_memberships_contains_paid_content":false,"footnotes":"","jetpack_post_was_ever_published":false},"categories":[4],"tags":[],"class_list":["post-114","post","type-post","status-publish","format-standard","hentry","category-4"],"jetpack_sharing_enabled":true,"jetpack-related-posts":[{"id":4131,"url":"https:\/\/inskriptionen.de\/?p=4131","url_meta":{"origin":114,"position":0},"title":"AUGUST","author":"Werner Weimar-Mazur","date":"26. Juni 2015","format":false,"excerpt":"grasnacht schneidet den himmel das gr\u00f6\u00dfere st\u00fcck geh\u00f6rt dir im ge\u00e4st vogelmenschen im gefieder stimmen die sprache hat die amsel verlassen singen jetzt im garten d\u00e4monen jeden tag lege ich futter aus und fallen die vogelmenschen beobachten mich um das haus schleichen leoparden late nite am abend das update vom\u2026","rel":"","context":"In &quot;Trauersymmetrie&quot;","block_context":{"text":"Trauersymmetrie","link":"https:\/\/inskriptionen.de\/?cat=5"},"img":{"alt_text":"","src":"","width":0,"height":0},"classes":[]},{"id":268,"url":"https:\/\/inskriptionen.de\/?p=268","url_meta":{"origin":114,"position":1},"title":"Herr Klopsig und Frau Edels\u00fc\u00df (2)","author":"Viktor Kalinke","date":"28. August 2008","format":false,"excerpt":"Die aristokratische Pr\u00fcfung Bereits in der b\u00fcrgerlichen Gesellschaft geh\u00f6rten Herr Klopsig und Frau Edels\u00fc\u00df einer Minderheit an: dem ehemaligen Adel. Doch w\u00e4hrend Herr Klopsig - m\u00fctterlicherseits - dem verarmten Landadel zugerechnet wurde (die Herkunft v\u00e4terlicherseits war eine andere Geschichte), wurde Frau Edels\u00fc\u00df in ein Geschlecht hineingeboren, dem die europ\u00e4ische Hochkultur\u2026","rel":"","context":"In &quot;Gem\u00fctstiefe&quot;","block_context":{"text":"Gem\u00fctstiefe","link":"https:\/\/inskriptionen.de\/?cat=9"},"img":{"alt_text":"","src":"","width":0,"height":0},"classes":[]},{"id":3122,"url":"https:\/\/inskriptionen.de\/?p=3122","url_meta":{"origin":114,"position":2},"title":"Mauser","author":"Faron Bebt","date":"26. April 2014","format":false,"excerpt":"Zwischen den Zeilen tummeln sich Wesen, dickh\u00e4utig und bedeutungsschwanger, renitent gegen\u00fcber den Konventionen der Stille. Reinliche Phantasiegebilde, M\u00e4rtyrer des Lauteren, Grimassen gro\u00dfer Br\u00fcder anerschlichenen Geunzerstelltens: Scheren br\u00fcten die Flucht in Harmlosigkeiten aus, s\u00e4ugen federleichte, rosa Elefanten. -- \u00a0 Und dazu, weil mir die Szene gerade in den Sinn kam: \u00a0\u2026","rel":"","context":"In &quot;Wortmysterien&quot;","block_context":{"text":"Wortmysterien","link":"https:\/\/inskriptionen.de\/?cat=6"},"img":{"alt_text":"","src":"","width":0,"height":0},"classes":[]},{"id":637,"url":"https:\/\/inskriptionen.de\/?p=637","url_meta":{"origin":114,"position":3},"title":"Die Wiese","author":"Patrick Beck","date":"9. Januar 2010","format":false,"excerpt":"Ein Schritt, und der Fu\u00df versinkt im Boden, der Wind stellt das Wehen ein und die Sonne steht hinter eigenem Licht. Noch ein Schritt, etwas knistert, eine B\u00f6e l\u00f6st einen trockenen Halm. Ein Blick nach rechts: Dunst. Ein Schritt zur\u00fcck, ein schr\u00e4ger Stein, ein Schattenfleck, eine Quelle.","rel":"","context":"In &quot;Trauersymmetrie&quot;","block_context":{"text":"Trauersymmetrie","link":"https:\/\/inskriptionen.de\/?cat=5"},"img":{"alt_text":"","src":"","width":0,"height":0},"classes":[]},{"id":15514,"url":"https:\/\/inskriptionen.de\/?p=15514","url_meta":{"origin":114,"position":4},"title":"Sechs neue Gedichte, 2. Reihe","author":"Walter Th\u00fcmler","date":"24. Mai 2022","format":false,"excerpt":"Aus \u201eWahrenberger Stanzen\u201c * Igel und Fledermaus haben sich in den Winterschlaf gelegt Ihnen ist egal was Putin und Biden treiben Diese Manifestationen unserer Anspr\u00fcchlichkeit am Knick der Elbe hat ein Schiff festgemacht Seine Lampen leuchten durch gewellte Herbstluft und hinter jedem Fenster auf dem Wasser und hier in deinem\u2026","rel":"","context":"In &quot;Haltestelle in der W\u00fcste&quot;","block_context":{"text":"Haltestelle in der W\u00fcste","link":"https:\/\/inskriptionen.de\/?cat=73"},"img":{"alt_text":"","src":"","width":0,"height":0},"classes":[]},{"id":14533,"url":"https:\/\/inskriptionen.de\/?p=14533","url_meta":{"origin":114,"position":5},"title":"Das F\u00fcnf-Punkte-Programm: Dekrete zum Ausstieg aus der Corona-Krise und zum gesellschaftlichen Zusammenhalt","author":"Viktor Kalinke","date":"15. Dezember 2021","format":false,"excerpt":"\u00dcber Ausstiegszenarien aus der Corona-Krise wird gegenw\u00e4rtig nicht diskutiert. Jedem Versuch dazu wird mit dem \u201eArgument\u201c begegnet, man m\u00fcsse sich alle M\u00f6glichkeiten (zur Repression) offen halten, ja es gebe nun keine roten Linien, also kein Halten mehr, wenn es um R\u00fccksicht auf irgendwelche verfassungsrechtlichen Grunds\u00e4tze, sprich b\u00fcrgerlichen Freiheiten geht. Im\u2026","rel":"","context":"In &quot;(2) Panphobie&quot;","block_context":{"text":"(2) Panphobie","link":"https:\/\/inskriptionen.de\/?cat=59"},"img":{"alt_text":"","src":"","width":0,"height":0},"classes":[]}],"jetpack_shortlink":"https:\/\/wp.me\/pcYSN4-1Q","jetpack_featured_media_url":"","_links":{"self":[{"href":"https:\/\/inskriptionen.de\/index.php?rest_route=\/wp\/v2\/posts\/114","targetHints":{"allow":["GET"]}}],"collection":[{"href":"https:\/\/inskriptionen.de\/index.php?rest_route=\/wp\/v2\/posts"}],"about":[{"href":"https:\/\/inskriptionen.de\/index.php?rest_route=\/wp\/v2\/types\/post"}],"author":[{"embeddable":true,"href":"https:\/\/inskriptionen.de\/index.php?rest_route=\/wp\/v2\/users\/6"}],"replies":[{"embeddable":true,"href":"https:\/\/inskriptionen.de\/index.php?rest_route=%2Fwp%2Fv2%2Fcomments&post=114"}],"version-history":[{"count":0,"href":"https:\/\/inskriptionen.de\/index.php?rest_route=\/wp\/v2\/posts\/114\/revisions"}],"wp:attachment":[{"href":"https:\/\/inskriptionen.de\/index.php?rest_route=%2Fwp%2Fv2%2Fmedia&parent=114"}],"wp:term":[{"taxonomy":"category","embeddable":true,"href":"https:\/\/inskriptionen.de\/index.php?rest_route=%2Fwp%2Fv2%2Fcategories&post=114"},{"taxonomy":"post_tag","embeddable":true,"href":"https:\/\/inskriptionen.de\/index.php?rest_route=%2Fwp%2Fv2%2Ftags&post=114"}],"curies":[{"name":"wp","href":"https:\/\/api.w.org\/{rel}","templated":true}]}}